{"id":7294,"date":"2023-08-24T18:37:35","date_gmt":"2023-08-24T18:37:35","guid":{"rendered":"http:\/\/etchegoyen.cl\/jardinbrisadelsol\/?p=7294"},"modified":"2023-08-24T19:00:28","modified_gmt":"2023-08-24T19:00:28","slug":"dia-de-la-tecnicas-en-educacion-de-parvulo","status":"publish","type":"post","link":"http:\/\/etchegoyen.cl\/jardinbrisadelsol\/2023\/08\/24\/dia-de-la-tecnicas-en-educacion-de-parvulo\/","title":{"rendered":"D\u00cdA DE LAS T\u00c9CNICAS EN EDUCACI\u00d3N DE P\u00c1RVULO"},"content":{"rendered":"<section class=\"wpb-content-wrapper\"><p>[vc_row][vc_column][vc_column_text]<\/p>\n<p style=\"text-align: justify;\">La fuerza de ustedes las t\u00e9cnicas\u00a0en educaci\u00f3n de p\u00e1rvulos y la dedicaci\u00f3n marcar\u00e1n a los ni\u00f1os y ni\u00f1as de hoy y a los adultos del ma\u00f1ana. \u00a1Felicidades en el\u00a0d\u00eda de la T\u00e9cnico\u00a0en Atenci\u00f3n de P\u00e1rvulos!\u201d.<\/p>\n<p>Saludamos a nuestras queridas T\u00e9cnicas:<\/p>\n<ol>\n<li>Fernanda Quevedo Hormazabal<\/li>\n<\/ol>\n<p>Paula Reyes Ledesma<\/p>\n<p>Yajaira D\u00edaz Saldias<\/p>\n<p>Lilibeth Qui\u00f1ones Fica<\/p>\n<p>Carolina Benitez Cardenas<\/p>\n<p>Janet Estay Tapia<\/p>\n<p>M.Fernanda Salas C\u00e9spedes<\/p>\n<p>Carolina Mardones Medina<\/p>\n<p>Daniela Guerra Torres<\/p>\n<p>M.Jos\u0117 Contreras Reyes.[\/vc_column_text][\/vc_column][\/vc_row]<\/p>\n<\/section>","protected":false},"excerpt":{"rendered":"<p>[vc_row][vc_column][vc_column_text] La fuerza de ustedes las t\u00e9cnicas\u00a0en educaci\u00f3n de p\u00e1rvulos y la dedicaci\u00f3n marcar\u00e1n a los ni\u00f1os y ni\u00f1as de hoy y a los adultos del ma\u00f1ana. \u00a1Felicidades&#8230;<\/p>\n","protected":false},"author":1,"featured_media":0,"comment_status":"closed","ping_status":"closed","sticky":false,"template":"","format":"standard","meta":{"footnotes":"","_links_to":"","_links_to_target":""},"categories":[54],"tags":[],"class_list":["post-7294","post","type-post","status-publish","format-standard","hentry","category-noticias"],"_links":{"self":[{"href":"http:\/\/etchegoyen.cl\/jardinbrisadelsol\/wp-json\/wp\/v2\/posts\/7294","targetHints":{"allow":["GET"]}}],"collection":[{"href":"http:\/\/etchegoyen.cl\/jardinbrisadelsol\/wp-json\/wp\/v2\/posts"}],"about":[{"href":"http:\/\/etchegoyen.cl\/jardinbrisadelsol\/wp-json\/wp\/v2\/types\/post"}],"author":[{"embeddable":true,"href":"http:\/\/etchegoyen.cl\/jardinbrisadelsol\/wp-json\/wp\/v2\/users\/1"}],"replies":[{"embeddable":true,"href":"http:\/\/etchegoyen.cl\/jardinbrisadelsol\/wp-json\/wp\/v2\/comments?post=7294"}],"version-history":[{"count":3,"href":"http:\/\/etchegoyen.cl\/jardinbrisadelsol\/wp-json\/wp\/v2\/posts\/7294\/revisions"}],"predecessor-version":[{"id":7298,"href":"http:\/\/etchegoyen.cl\/jardinbrisadelsol\/wp-json\/wp\/v2\/posts\/7294\/revisions\/7298"}],"wp:attachment":[{"href":"http:\/\/etchegoyen.cl\/jardinbrisadelsol\/wp-json\/wp\/v2\/media?parent=7294"}],"wp:term":[{"taxonomy":"category","embeddable":true,"href":"http:\/\/etchegoyen.cl\/jardinbrisadelsol\/wp-json\/wp\/v2\/categories?post=7294"},{"taxonomy":"post_tag","embeddable":true,"href":"http:\/\/etchegoyen.cl\/jardinbrisadelsol\/wp-json\/wp\/v2\/tags?post=7294"}],"curies":[{"name":"wp","href":"https:\/\/api.w.org\/{rel}","templated":true}]}}