{"id":7301,"date":"2023-08-30T18:19:38","date_gmt":"2023-08-30T18:19:38","guid":{"rendered":"http:\/\/etchegoyen.cl\/jardinbrisadelsol\/?p=7301"},"modified":"2023-08-30T18:34:05","modified_gmt":"2023-08-30T18:34:05","slug":"aniversario-no-7-de-la-sala-cuna-y-jardin-infantil-brisa-del-sol","status":"publish","type":"post","link":"http:\/\/etchegoyen.cl\/jardinbrisadelsol\/2023\/08\/30\/aniversario-no-7-de-la-sala-cuna-y-jardin-infantil-brisa-del-sol\/","title":{"rendered":"ANIVERSARIO N\u00ba 7 DE SALA CUNA Y JARD\u00cdN INFANTIL BRISA DEL SOL"},"content":{"rendered":"<section class=\"wpb-content-wrapper\"><p>[vc_row][vc_column][vc_column_text]<\/p>\n<div class=\"x11i5rnm xat24cr x1mh8g0r x1vvkbs xtlvy1s x126k92a\">\n<div dir=\"auto\">Nuestra Sala Cuna y Jard\u00edn Infantil Etchegoyen Brisa del Sol, cumpli\u00f3 su s\u00e9ptimo a\u00f1o de aniversario, donde durante toda la ma\u00f1ana festejaron como corresponde. En la ocasi\u00f3n, los ni\u00f1os y ni\u00f1as fueron disfrazados de sus personajes favoritos, por lo que felicitamos a los padres por la gran creatividad y amor que brindaron en cada uno de sus hijos e hijas.<\/div>\n<div dir=\"auto\"><\/div>\n<\/div>\n<div class=\"x11i5rnm xat24cr x1mh8g0r x1vvkbs xtlvy1s x126k92a\">\n<div dir=\"auto\">En dicha actividad para los m\u00e1s grandes se contrat\u00f3 a la agencia \u201cTazmania Animaciones\u201d, quienes realizaron variados juegos de baile, canto y competencias para llenar El jard\u00edn de amor, alegr\u00eda y compa\u00f1erismo.<\/div>\n<\/div>\n<div class=\"x11i5rnm xat24cr x1mh8g0r x1vvkbs xtlvy1s x126k92a\">\n<div dir=\"auto\">Adem\u00e1s, su directora Karen Henr\u00edquez Beltr\u00e1n junto a apoderados asistentes enviaron un saludo a toda la comunidad por estos siete a\u00f1os de vida, felicitando la ardua labro de cada integrante.<\/div>\n<div dir=\"auto\"><\/div>\n<div dir=\"auto\">Por otro lado, los m\u00e1s peque\u00f1itos tuvieron juegos inflables y variadas actividades como m\u00e1quinas de burbujas que fue furor para cada uno de ellos.<\/div>\n<\/div>\n<div class=\"x11i5rnm xat24cr x1mh8g0r x1vvkbs xtlvy1s x126k92a\">\n<div dir=\"auto\">Felicitamos a toda la comunidad por brindar ense\u00f1anza y educaci\u00f3n a cada ni\u00f1o y ni\u00f1a que reci\u00e9n comienza esta etapa.<\/div>\n<\/div>\n<p>[\/vc_column_text][vc_gallery type=&#8221;image_grid&#8221; images=&#8221;7303,7304,7306,7307,7308,7309,7310,7311&#8243;][\/vc_column][\/vc_row]<\/p>\n<\/section>","protected":false},"excerpt":{"rendered":"<p>[vc_row][vc_column][vc_column_text] Nuestra Sala Cuna y Jard\u00edn Infantil Etchegoyen Brisa del Sol, cumpli\u00f3 su s\u00e9ptimo a\u00f1o de aniversario, donde durante toda la ma\u00f1ana festejaron como corresponde. En la ocasi\u00f3n,&#8230;<\/p>\n","protected":false},"author":1,"featured_media":0,"comment_status":"closed","ping_status":"closed","sticky":false,"template":"","format":"standard","meta":{"footnotes":"","_links_to":"","_links_to_target":""},"categories":[54],"tags":[],"class_list":["post-7301","post","type-post","status-publish","format-standard","hentry","category-noticias"],"_links":{"self":[{"href":"http:\/\/etchegoyen.cl\/jardinbrisadelsol\/wp-json\/wp\/v2\/posts\/7301","targetHints":{"allow":["GET"]}}],"collection":[{"href":"http:\/\/etchegoyen.cl\/jardinbrisadelsol\/wp-json\/wp\/v2\/posts"}],"about":[{"href":"http:\/\/etchegoyen.cl\/jardinbrisadelsol\/wp-json\/wp\/v2\/types\/post"}],"author":[{"embeddable":true,"href":"http:\/\/etchegoyen.cl\/jardinbrisadelsol\/wp-json\/wp\/v2\/users\/1"}],"replies":[{"embeddable":true,"href":"http:\/\/etchegoyen.cl\/jardinbrisadelsol\/wp-json\/wp\/v2\/comments?post=7301"}],"version-history":[{"count":5,"href":"http:\/\/etchegoyen.cl\/jardinbrisadelsol\/wp-json\/wp\/v2\/posts\/7301\/revisions"}],"predecessor-version":[{"id":7315,"href":"http:\/\/etchegoyen.cl\/jardinbrisadelsol\/wp-json\/wp\/v2\/posts\/7301\/revisions\/7315"}],"wp:attachment":[{"href":"http:\/\/etchegoyen.cl\/jardinbrisadelsol\/wp-json\/wp\/v2\/media?parent=7301"}],"wp:term":[{"taxonomy":"category","embeddable":true,"href":"http:\/\/etchegoyen.cl\/jardinbrisadelsol\/wp-json\/wp\/v2\/categories?post=7301"},{"taxonomy":"post_tag","embeddable":true,"href":"http:\/\/etchegoyen.cl\/jardinbrisadelsol\/wp-json\/wp\/v2\/tags?post=7301"}],"curies":[{"name":"wp","href":"https:\/\/api.w.org\/{rel}","templated":true}]}}