{"id":7323,"date":"2023-09-13T12:37:50","date_gmt":"2023-09-13T12:37:50","guid":{"rendered":"http:\/\/etchegoyen.cl\/jardinbrisadelsol\/?p=7323"},"modified":"2023-09-13T13:31:05","modified_gmt":"2023-09-13T13:31:05","slug":"acto-inaugural-fiesta-de-la-chilenidad-2023","status":"publish","type":"post","link":"http:\/\/etchegoyen.cl\/jardinbrisadelsol\/2023\/09\/13\/acto-inaugural-fiesta-de-la-chilenidad-2023\/","title":{"rendered":"ACTO INAUGURAL FIESTA DE LA CHILENIDAD 2023"},"content":{"rendered":"<section class=\"wpb-content-wrapper\"><p>[vc_row][vc_column][vc_column_text]<\/p>\n<p style=\"text-align: justify;\">El Jard\u00edn Brisa del Sol, fue el escenario perfecto para dar inicio a la celebraci\u00f3n de las fiestas patrias. Este lunes, peque\u00f1os y peque\u00f1as se congregaron con entusiasmo, luciendo con orgullo trajes t\u00edpicos chilenos que rend\u00edan homenaje a las ra\u00edces y cultura de nuestro pa\u00eds. El evento fue una celebraci\u00f3n llena de tradici\u00f3n y unidad en el que ni\u00f1os y ni\u00f1as se compartieron y disfrutaron de las costumbres t\u00edpicas chilenas.<\/p>\n<p>[\/vc_column_text][\/vc_column][\/vc_row][vc_row][vc_column][vc_gallery type=&#8221;image_grid&#8221; images=&#8221;7327,7328,7329,7330,7331,7332,7333,7334&#8243;][\/vc_column][\/vc_row]<\/p>\n<\/section>","protected":false},"excerpt":{"rendered":"<p>[vc_row][vc_column][vc_column_text] El Jard\u00edn Brisa del Sol, fue el escenario perfecto para dar inicio a la celebraci\u00f3n de las fiestas patrias. Este lunes, peque\u00f1os y peque\u00f1as se congregaron con&#8230;<\/p>\n","protected":false},"author":1,"featured_media":0,"comment_status":"closed","ping_status":"closed","sticky":false,"template":"","format":"standard","meta":{"footnotes":"","_links_to":"","_links_to_target":""},"categories":[54],"tags":[],"class_list":["post-7323","post","type-post","status-publish","format-standard","hentry","category-noticias"],"_links":{"self":[{"href":"http:\/\/etchegoyen.cl\/jardinbrisadelsol\/wp-json\/wp\/v2\/posts\/7323","targetHints":{"allow":["GET"]}}],"collection":[{"href":"http:\/\/etchegoyen.cl\/jardinbrisadelsol\/wp-json\/wp\/v2\/posts"}],"about":[{"href":"http:\/\/etchegoyen.cl\/jardinbrisadelsol\/wp-json\/wp\/v2\/types\/post"}],"author":[{"embeddable":true,"href":"http:\/\/etchegoyen.cl\/jardinbrisadelsol\/wp-json\/wp\/v2\/users\/1"}],"replies":[{"embeddable":true,"href":"http:\/\/etchegoyen.cl\/jardinbrisadelsol\/wp-json\/wp\/v2\/comments?post=7323"}],"version-history":[{"count":4,"href":"http:\/\/etchegoyen.cl\/jardinbrisadelsol\/wp-json\/wp\/v2\/posts\/7323\/revisions"}],"predecessor-version":[{"id":7336,"href":"http:\/\/etchegoyen.cl\/jardinbrisadelsol\/wp-json\/wp\/v2\/posts\/7323\/revisions\/7336"}],"wp:attachment":[{"href":"http:\/\/etchegoyen.cl\/jardinbrisadelsol\/wp-json\/wp\/v2\/media?parent=7323"}],"wp:term":[{"taxonomy":"category","embeddable":true,"href":"http:\/\/etchegoyen.cl\/jardinbrisadelsol\/wp-json\/wp\/v2\/categories?post=7323"},{"taxonomy":"post_tag","embeddable":true,"href":"http:\/\/etchegoyen.cl\/jardinbrisadelsol\/wp-json\/wp\/v2\/tags?post=7323"}],"curies":[{"name":"wp","href":"https:\/\/api.w.org\/{rel}","templated":true}]}}