{"id":7354,"date":"2023-09-14T15:13:48","date_gmt":"2023-09-14T15:13:48","guid":{"rendered":"http:\/\/etchegoyen.cl\/jardinbrisadelsol\/?p=7354"},"modified":"2023-09-14T17:31:25","modified_gmt":"2023-09-14T17:31:25","slug":"muestra-folclorica-familiar","status":"publish","type":"post","link":"http:\/\/etchegoyen.cl\/jardinbrisadelsol\/2023\/09\/14\/muestra-folclorica-familiar\/","title":{"rendered":"MUESTRA FOLCL\u00d3RICA FAMILIAR"},"content":{"rendered":"<section class=\"wpb-content-wrapper\"><p>[vc_row][vc_column][vc_column_text]<\/p>\n<p style=\"text-align: justify;\">En nuestra Sala Cuna y Jard\u00edn Infantil Etchegoyen Brisa del Sol se llev\u00f3 a cabo la Muestra Folcl\u00f3rica Familiar en el marco de la celebraci\u00f3n de la fiesta de la chilenidad 2023, donde los apoderados deleitaron a todos los ni\u00f1os, ni\u00f1as y equipo educativo con diferentes expresiones art\u00edsticas de nuestro folclore, como nuestra danza nacional, tonadas, y canciones folcl\u00f3ricas como expresi\u00f3n cultural de todos los chilenos.<\/p>\n<p>[\/vc_column_text][vc_gallery type=&#8221;image_grid&#8221; images=&#8221;7358,7359,7360,7361,7362,7363,7364,7365&#8243;][\/vc_column][\/vc_row][vc_row][vc_column][\/vc_column][\/vc_row]<\/p>\n<\/section>","protected":false},"excerpt":{"rendered":"<p>[vc_row][vc_column][vc_column_text] En nuestra Sala Cuna y Jard\u00edn Infantil Etchegoyen Brisa del Sol se llev\u00f3 a cabo la Muestra Folcl\u00f3rica Familiar en el marco de la celebraci\u00f3n de la&#8230;<\/p>\n","protected":false},"author":1,"featured_media":0,"comment_status":"closed","ping_status":"closed","sticky":false,"template":"","format":"standard","meta":{"footnotes":"","_links_to":"","_links_to_target":""},"categories":[54],"tags":[],"class_list":["post-7354","post","type-post","status-publish","format-standard","hentry","category-noticias"],"_links":{"self":[{"href":"http:\/\/etchegoyen.cl\/jardinbrisadelsol\/wp-json\/wp\/v2\/posts\/7354","targetHints":{"allow":["GET"]}}],"collection":[{"href":"http:\/\/etchegoyen.cl\/jardinbrisadelsol\/wp-json\/wp\/v2\/posts"}],"about":[{"href":"http:\/\/etchegoyen.cl\/jardinbrisadelsol\/wp-json\/wp\/v2\/types\/post"}],"author":[{"embeddable":true,"href":"http:\/\/etchegoyen.cl\/jardinbrisadelsol\/wp-json\/wp\/v2\/users\/1"}],"replies":[{"embeddable":true,"href":"http:\/\/etchegoyen.cl\/jardinbrisadelsol\/wp-json\/wp\/v2\/comments?post=7354"}],"version-history":[{"count":3,"href":"http:\/\/etchegoyen.cl\/jardinbrisadelsol\/wp-json\/wp\/v2\/posts\/7354\/revisions"}],"predecessor-version":[{"id":7370,"href":"http:\/\/etchegoyen.cl\/jardinbrisadelsol\/wp-json\/wp\/v2\/posts\/7354\/revisions\/7370"}],"wp:attachment":[{"href":"http:\/\/etchegoyen.cl\/jardinbrisadelsol\/wp-json\/wp\/v2\/media?parent=7354"}],"wp:term":[{"taxonomy":"category","embeddable":true,"href":"http:\/\/etchegoyen.cl\/jardinbrisadelsol\/wp-json\/wp\/v2\/categories?post=7354"},{"taxonomy":"post_tag","embeddable":true,"href":"http:\/\/etchegoyen.cl\/jardinbrisadelsol\/wp-json\/wp\/v2\/tags?post=7354"}],"curies":[{"name":"wp","href":"https:\/\/api.w.org\/{rel}","templated":true}]}}