{"id":7372,"date":"2023-09-25T15:08:36","date_gmt":"2023-09-25T15:08:36","guid":{"rendered":"http:\/\/etchegoyen.cl\/jardinbrisadelsol\/?p=7372"},"modified":"2023-09-25T15:14:36","modified_gmt":"2023-09-25T15:14:36","slug":"muestra-gastronomica","status":"publish","type":"post","link":"http:\/\/etchegoyen.cl\/jardinbrisadelsol\/2023\/09\/25\/muestra-gastronomica\/","title":{"rendered":"MUESTRA GASTRON\u00d3MICA"},"content":{"rendered":"<section class=\"wpb-content-wrapper\"><p>[vc_row][vc_column][vc_column_text]<\/p>\n<p style=\"text-align: justify;\">En nuestra Sala Cuna y Jard\u00edn Infantil Etchegoyen Brisa del Sol, se llev\u00f3 a cabo una \u201cMuestra Gastron\u00f3mica\u201d, todo esto dentro del marco de la celebraci\u00f3n de fiestas patrias 2023, donde los apoderados, ni\u00f1os, ni\u00f1as y el equipo educativo se deleitaron con diferentes preparaciones t\u00edpicas como empanadas, mote con huesillo, pajaritos etc.\u2026 y adem\u00e1s expresiones art\u00edsticas de nuestro folclore, como nuestra querida danza nacional \u201cLa Cueca\u201d, culminando la actividad se sacaron fotograf\u00edas en familia en un lindo marco preparado por las t\u00edas.<\/p>\n<p>[\/vc_column_text][vc_gallery type=&#8221;image_grid&#8221; images=&#8221;7377,7378,7379,7380,7381,7382,7383,7384&#8243;][\/vc_column][\/vc_row]<\/p>\n<\/section>","protected":false},"excerpt":{"rendered":"<p>[vc_row][vc_column][vc_column_text] En nuestra Sala Cuna y Jard\u00edn Infantil Etchegoyen Brisa del Sol, se llev\u00f3 a cabo una \u201cMuestra Gastron\u00f3mica\u201d, todo esto dentro del marco de la celebraci\u00f3n de&#8230;<\/p>\n","protected":false},"author":1,"featured_media":0,"comment_status":"closed","ping_status":"closed","sticky":false,"template":"","format":"standard","meta":{"footnotes":"","_links_to":"","_links_to_target":""},"categories":[54],"tags":[],"class_list":["post-7372","post","type-post","status-publish","format-standard","hentry","category-noticias"],"_links":{"self":[{"href":"http:\/\/etchegoyen.cl\/jardinbrisadelsol\/wp-json\/wp\/v2\/posts\/7372","targetHints":{"allow":["GET"]}}],"collection":[{"href":"http:\/\/etchegoyen.cl\/jardinbrisadelsol\/wp-json\/wp\/v2\/posts"}],"about":[{"href":"http:\/\/etchegoyen.cl\/jardinbrisadelsol\/wp-json\/wp\/v2\/types\/post"}],"author":[{"embeddable":true,"href":"http:\/\/etchegoyen.cl\/jardinbrisadelsol\/wp-json\/wp\/v2\/users\/1"}],"replies":[{"embeddable":true,"href":"http:\/\/etchegoyen.cl\/jardinbrisadelsol\/wp-json\/wp\/v2\/comments?post=7372"}],"version-history":[{"count":5,"href":"http:\/\/etchegoyen.cl\/jardinbrisadelsol\/wp-json\/wp\/v2\/posts\/7372\/revisions"}],"predecessor-version":[{"id":7386,"href":"http:\/\/etchegoyen.cl\/jardinbrisadelsol\/wp-json\/wp\/v2\/posts\/7372\/revisions\/7386"}],"wp:attachment":[{"href":"http:\/\/etchegoyen.cl\/jardinbrisadelsol\/wp-json\/wp\/v2\/media?parent=7372"}],"wp:term":[{"taxonomy":"category","embeddable":true,"href":"http:\/\/etchegoyen.cl\/jardinbrisadelsol\/wp-json\/wp\/v2\/categories?post=7372"},{"taxonomy":"post_tag","embeddable":true,"href":"http:\/\/etchegoyen.cl\/jardinbrisadelsol\/wp-json\/wp\/v2\/tags?post=7372"}],"curies":[{"name":"wp","href":"https:\/\/api.w.org\/{rel}","templated":true}]}}