{"id":7388,"date":"2023-09-26T17:08:17","date_gmt":"2023-09-26T17:08:17","guid":{"rendered":"http:\/\/etchegoyen.cl\/jardinbrisadelsol\/?p=7388"},"modified":"2023-09-26T17:13:50","modified_gmt":"2023-09-26T17:13:50","slug":"gastronomia-festiva-un-viaje-de-sabores-chilenos-en-comunidad","status":"publish","type":"post","link":"http:\/\/etchegoyen.cl\/jardinbrisadelsol\/2023\/09\/26\/gastronomia-festiva-un-viaje-de-sabores-chilenos-en-comunidad\/","title":{"rendered":"GASTRONOM\u00cdA FESTIVA: UN VIAJE DE SABORES CHILENOS EN COMUNIDAD"},"content":{"rendered":"<section class=\"wpb-content-wrapper\"><p>[vc_row][vc_column][vc_column_text]<\/p>\n<p style=\"text-align: left;\">En una muestra de uni\u00f3n comunitaria, los ni\u00f1os y ni\u00f1as del jard\u00edn Gota de Leche y sus familias se reunieron el pasado jueves 14 de septiembre, para celebrar las festividades patrias con una gran variedad de platos t\u00edpicos chilenos. El evento cont\u00f3 con un abanico de sabores que deleitaron a ni\u00f1os, ni\u00f1as y adultos por igual.<\/p>\n<p style=\"text-align: left;\">Entre las delicias degustadas se encontraban los dulces chilenos, mote con huesillos, pajaritos, empolvados y empanadas de queso y pino por lo que los comensales tuvieron la oportunidad de explorar y saborear las ricas tradiciones culinarias de nuestro pa\u00eds.<\/p>\n<p style=\"text-align: left;\">El objetivo central de esta jornada fue fomentar la identificaci\u00f3n de alimentos asociados a celebraciones propias de las familias y la comunidad. Adicionalmente, se promovi\u00f3 el objetivo transversal de disfrutar de interacciones sociales enriquecedoras con diversas personas de\u00a0la\u00a0comunidad.<\/p>\n<p>[\/vc_column_text][\/vc_column][\/vc_row][vc_row][vc_column][vc_gallery type=&#8221;image_grid&#8221; images=&#8221;7392,7393,7394,7396,7397,7398,7399,7400&#8243;][\/vc_column][\/vc_row]<\/p>\n<\/section>","protected":false},"excerpt":{"rendered":"<p>[vc_row][vc_column][vc_column_text] En una muestra de uni\u00f3n comunitaria, los ni\u00f1os y ni\u00f1as del jard\u00edn Gota de Leche y sus familias se reunieron el pasado jueves 14 de septiembre, para&#8230;<\/p>\n","protected":false},"author":1,"featured_media":0,"comment_status":"closed","ping_status":"closed","sticky":false,"template":"","format":"standard","meta":{"footnotes":"","_links_to":"","_links_to_target":""},"categories":[1],"tags":[],"class_list":["post-7388","post","type-post","status-publish","format-standard","hentry","category-uncategorized"],"_links":{"self":[{"href":"http:\/\/etchegoyen.cl\/jardinbrisadelsol\/wp-json\/wp\/v2\/posts\/7388","targetHints":{"allow":["GET"]}}],"collection":[{"href":"http:\/\/etchegoyen.cl\/jardinbrisadelsol\/wp-json\/wp\/v2\/posts"}],"about":[{"href":"http:\/\/etchegoyen.cl\/jardinbrisadelsol\/wp-json\/wp\/v2\/types\/post"}],"author":[{"embeddable":true,"href":"http:\/\/etchegoyen.cl\/jardinbrisadelsol\/wp-json\/wp\/v2\/users\/1"}],"replies":[{"embeddable":true,"href":"http:\/\/etchegoyen.cl\/jardinbrisadelsol\/wp-json\/wp\/v2\/comments?post=7388"}],"version-history":[{"count":3,"href":"http:\/\/etchegoyen.cl\/jardinbrisadelsol\/wp-json\/wp\/v2\/posts\/7388\/revisions"}],"predecessor-version":[{"id":7401,"href":"http:\/\/etchegoyen.cl\/jardinbrisadelsol\/wp-json\/wp\/v2\/posts\/7388\/revisions\/7401"}],"wp:attachment":[{"href":"http:\/\/etchegoyen.cl\/jardinbrisadelsol\/wp-json\/wp\/v2\/media?parent=7388"}],"wp:term":[{"taxonomy":"category","embeddable":true,"href":"http:\/\/etchegoyen.cl\/jardinbrisadelsol\/wp-json\/wp\/v2\/categories?post=7388"},{"taxonomy":"post_tag","embeddable":true,"href":"http:\/\/etchegoyen.cl\/jardinbrisadelsol\/wp-json\/wp\/v2\/tags?post=7388"}],"curies":[{"name":"wp","href":"https:\/\/api.w.org\/{rel}","templated":true}]}}