{"id":7402,"date":"2023-09-28T18:12:31","date_gmt":"2023-09-28T18:12:31","guid":{"rendered":"http:\/\/etchegoyen.cl\/jardinbrisadelsol\/?p=7402"},"modified":"2023-10-02T13:37:27","modified_gmt":"2023-10-02T13:37:27","slug":"actividad-conmemorativa-del-subcomite-de-educacion-inicial-de-la-municipalidad-de-talcahuano","status":"publish","type":"post","link":"http:\/\/etchegoyen.cl\/jardinbrisadelsol\/2023\/09\/28\/actividad-conmemorativa-del-subcomite-de-educacion-inicial-de-la-municipalidad-de-talcahuano\/","title":{"rendered":"ACTIVIDAD CONMEMORATIVA DEL SUBCOMIT\u00c9 DE EDUCACI\u00d3N INICIAL DE LA MUNICIPALIDAD DE TALCAHUANO"},"content":{"rendered":"<section class=\"wpb-content-wrapper\"><p>[vc_row][vc_column][vc_column_text]<\/p>\n<p style=\"text-align: justify;\">Nuestros p\u00e1rvulos del Nivel Medio Mayor, junto a sus educadoras Tamara Rebolledo C. y Fernanda Salas C, participaron este 28 de septiembre, en la plaza de armas de una actividad conmemorativa de fiestas patrias, organizada por el Subcomit\u00e9 de Educaci\u00f3n Inicial de la Ilustre Municipalidad de Talcahuano. En la actividad nuestros ni\u00f1os y ni\u00f1as interpretaron en lengua de se\u00f1as la canci\u00f3n mira ni\u00f1ita de Los Jaibas, logrando deleitar a todos los presentes.<\/p>\n<p>[\/vc_column_text][vc_gallery type=&#8221;image_grid&#8221; images=&#8221;7406,7407,7408,7409,7410,7411,7412,7413&#8243;][\/vc_column][\/vc_row]<\/p>\n<\/section>","protected":false},"excerpt":{"rendered":"<p>[vc_row][vc_column][vc_column_text] Nuestros p\u00e1rvulos del Nivel Medio Mayor, junto a sus educadoras Tamara Rebolledo C. y Fernanda Salas C, participaron este 28 de septiembre, en la plaza de armas&#8230;<\/p>\n","protected":false},"author":1,"featured_media":0,"comment_status":"closed","ping_status":"closed","sticky":false,"template":"","format":"standard","meta":{"footnotes":"","_links_to":"","_links_to_target":""},"categories":[54],"tags":[],"class_list":["post-7402","post","type-post","status-publish","format-standard","hentry","category-noticias"],"_links":{"self":[{"href":"http:\/\/etchegoyen.cl\/jardinbrisadelsol\/wp-json\/wp\/v2\/posts\/7402","targetHints":{"allow":["GET"]}}],"collection":[{"href":"http:\/\/etchegoyen.cl\/jardinbrisadelsol\/wp-json\/wp\/v2\/posts"}],"about":[{"href":"http:\/\/etchegoyen.cl\/jardinbrisadelsol\/wp-json\/wp\/v2\/types\/post"}],"author":[{"embeddable":true,"href":"http:\/\/etchegoyen.cl\/jardinbrisadelsol\/wp-json\/wp\/v2\/users\/1"}],"replies":[{"embeddable":true,"href":"http:\/\/etchegoyen.cl\/jardinbrisadelsol\/wp-json\/wp\/v2\/comments?post=7402"}],"version-history":[{"count":5,"href":"http:\/\/etchegoyen.cl\/jardinbrisadelsol\/wp-json\/wp\/v2\/posts\/7402\/revisions"}],"predecessor-version":[{"id":7416,"href":"http:\/\/etchegoyen.cl\/jardinbrisadelsol\/wp-json\/wp\/v2\/posts\/7402\/revisions\/7416"}],"wp:attachment":[{"href":"http:\/\/etchegoyen.cl\/jardinbrisadelsol\/wp-json\/wp\/v2\/media?parent=7402"}],"wp:term":[{"taxonomy":"category","embeddable":true,"href":"http:\/\/etchegoyen.cl\/jardinbrisadelsol\/wp-json\/wp\/v2\/categories?post=7402"},{"taxonomy":"post_tag","embeddable":true,"href":"http:\/\/etchegoyen.cl\/jardinbrisadelsol\/wp-json\/wp\/v2\/tags?post=7402"}],"curies":[{"name":"wp","href":"https:\/\/api.w.org\/{rel}","templated":true}]}}