{"id":7495,"date":"2024-01-24T15:56:01","date_gmt":"2024-01-24T15:56:01","guid":{"rendered":"http:\/\/etchegoyen.cl\/jardinbrisadelsol\/?p=7495"},"modified":"2024-01-24T15:59:45","modified_gmt":"2024-01-24T15:59:45","slug":"bienvenida-a-las-familias-2024","status":"publish","type":"post","link":"http:\/\/etchegoyen.cl\/jardinbrisadelsol\/2024\/01\/24\/bienvenida-a-las-familias-2024\/","title":{"rendered":"BIENVENIDA A LAS FAMILIAS 2024"},"content":{"rendered":"<section class=\"wpb-content-wrapper\"><p>[vc_row][vc_column][vc_column_text]<\/p>\n<div class=\"x11i5rnm xat24cr x1mh8g0r x1vvkbs xtlvy1s x126k92a\">\n<div dir=\"auto\" style=\"text-align: justify;\">En nuestra querida Sala Cuna y Jard\u00edn Infantil Etchegoyen Brisa del Sol, se dio la bienvenida a las nuevas familias que eligieron nuestro proyecto educativo para la educaci\u00f3n de sus hijos e hijas, en esta oportunidad son 29 familias que asistieron el d\u00eda de ayer al &#8220;Encuentro de familias&#8221;, con quienes se compartieron los lineamientos institucionales teniendo la oportunidad adem\u00e1s de recorrer las dependencias donde sus hijos e hijas aprender\u00e1n y disfrutar\u00e1n a trav\u00e9s del juego.<\/div>\n<div dir=\"auto\"><\/div>\n<\/div>\n<div class=\"x11i5rnm xat24cr x1mh8g0r x1vvkbs xtlvy1s x126k92a\">\n<div dir=\"auto\">Otro de los objetivos de esta actividad fue conocerse entre ellos como tambi\u00e9n a todo el equipo educativo. En representaci\u00f3n del sostenedor de nuestra corporaci\u00f3n educacional mas\u00f3nica de Talcahuano nos acompa\u00f1\u00f3 Don Nelson Vergara B\u00f3rquez, Gerente Acad\u00e9mico qui\u00e9n les entreg\u00f3 un fraternal saludo y reafirm\u00f3 la importancia del trabajo colaborativo que deben tener las familias con nuestra sala cuna en la educaci\u00f3n de sus hijos e hijas.<\/div>\n<div dir=\"auto\"><\/div>\n<\/div>\n<div class=\"x11i5rnm xat24cr x1mh8g0r x1vvkbs xtlvy1s x126k92a\">\n<div dir=\"auto\">Agradecemos a todas estas hermosas familias quienes confiaron en nosotros, esperamos con muchas ansias a sus queridos hijos e hijas.<\/div>\n<\/div>\n<p>[\/vc_column_text][vc_gallery type=&#8221;image_grid&#8221; images=&#8221;7498,7499,7500,7501,7502,7503,7504,7505&#8243;][vc_column_text]PARA VER LA GALER\u00cdA COMPLETA CLICK AQU\u00cd &#8211;&gt; <a href=\"https:\/\/www.facebook.com\/photo\/?fbid=1837020696726925&amp;set=pcb.1837021776726817\">https:\/\/www.facebook.com\/photo\/?fbid=1837020696726925&amp;set=pcb.1837021776726817<\/a>[\/vc_column_text][\/vc_column][\/vc_row]<\/p>\n<\/section>","protected":false},"excerpt":{"rendered":"<p>[vc_row][vc_column][vc_column_text] En nuestra querida Sala Cuna y Jard\u00edn Infantil Etchegoyen Brisa del Sol, se dio la bienvenida a las nuevas familias que eligieron nuestro proyecto educativo para la&#8230;<\/p>\n","protected":false},"author":1,"featured_media":0,"comment_status":"closed","ping_status":"closed","sticky":false,"template":"","format":"standard","meta":{"footnotes":"","_links_to":"","_links_to_target":""},"categories":[54],"tags":[],"class_list":["post-7495","post","type-post","status-publish","format-standard","hentry","category-noticias"],"_links":{"self":[{"href":"http:\/\/etchegoyen.cl\/jardinbrisadelsol\/wp-json\/wp\/v2\/posts\/7495","targetHints":{"allow":["GET"]}}],"collection":[{"href":"http:\/\/etchegoyen.cl\/jardinbrisadelsol\/wp-json\/wp\/v2\/posts"}],"about":[{"href":"http:\/\/etchegoyen.cl\/jardinbrisadelsol\/wp-json\/wp\/v2\/types\/post"}],"author":[{"embeddable":true,"href":"http:\/\/etchegoyen.cl\/jardinbrisadelsol\/wp-json\/wp\/v2\/users\/1"}],"replies":[{"embeddable":true,"href":"http:\/\/etchegoyen.cl\/jardinbrisadelsol\/wp-json\/wp\/v2\/comments?post=7495"}],"version-history":[{"count":3,"href":"http:\/\/etchegoyen.cl\/jardinbrisadelsol\/wp-json\/wp\/v2\/posts\/7495\/revisions"}],"predecessor-version":[{"id":7507,"href":"http:\/\/etchegoyen.cl\/jardinbrisadelsol\/wp-json\/wp\/v2\/posts\/7495\/revisions\/7507"}],"wp:attachment":[{"href":"http:\/\/etchegoyen.cl\/jardinbrisadelsol\/wp-json\/wp\/v2\/media?parent=7495"}],"wp:term":[{"taxonomy":"category","embeddable":true,"href":"http:\/\/etchegoyen.cl\/jardinbrisadelsol\/wp-json\/wp\/v2\/categories?post=7495"},{"taxonomy":"post_tag","embeddable":true,"href":"http:\/\/etchegoyen.cl\/jardinbrisadelsol\/wp-json\/wp\/v2\/tags?post=7495"}],"curies":[{"name":"wp","href":"https:\/\/api.w.org\/{rel}","templated":true}]}}