{"id":7510,"date":"2024-02-27T13:17:52","date_gmt":"2024-02-27T13:17:52","guid":{"rendered":"http:\/\/etchegoyen.cl\/jardinbrisadelsol\/?p=7510"},"modified":"2024-02-27T13:22:29","modified_gmt":"2024-02-27T13:22:29","slug":"ano-parvulario-2024","status":"publish","type":"post","link":"http:\/\/etchegoyen.cl\/jardinbrisadelsol\/2024\/02\/27\/ano-parvulario-2024\/","title":{"rendered":"COMUNICADO"},"content":{"rendered":"<section class=\"wpb-content-wrapper\"><p>[vc_row][vc_column][vc_column_text]Se aproxima el inicio del A\u00f1o Parvulario 2024 y nuestras las salas cunas y jardines infantiles de nuestra Corporaci\u00f3n Mas\u00f3nica de Talcahuano junto a JUNJI desean comunicar a todas las familias las principales fechas de ingreso\u00a0 #VamosalJard\u00edn[\/vc_column_text][vc_single_image image=&#8221;7513&#8243; img_size=&#8221;full&#8221;][vc_single_image image=&#8221;7514&#8243; img_size=&#8221;full&#8221;][\/vc_column][\/vc_row]<\/p>\n<\/section>","protected":false},"excerpt":{"rendered":"<p>[vc_row][vc_column][vc_column_text]Se aproxima el inicio del A\u00f1o Parvulario 2024 y nuestras las salas cunas y jardines infantiles de nuestra Corporaci\u00f3n Mas\u00f3nica de Talcahuano junto a JUNJI desean comunicar a&#8230;<\/p>\n","protected":false},"author":1,"featured_media":0,"comment_status":"closed","ping_status":"closed","sticky":false,"template":"","format":"standard","meta":{"footnotes":"","_links_to":"","_links_to_target":""},"categories":[54],"tags":[],"class_list":["post-7510","post","type-post","status-publish","format-standard","hentry","category-noticias"],"_links":{"self":[{"href":"http:\/\/etchegoyen.cl\/jardinbrisadelsol\/wp-json\/wp\/v2\/posts\/7510","targetHints":{"allow":["GET"]}}],"collection":[{"href":"http:\/\/etchegoyen.cl\/jardinbrisadelsol\/wp-json\/wp\/v2\/posts"}],"about":[{"href":"http:\/\/etchegoyen.cl\/jardinbrisadelsol\/wp-json\/wp\/v2\/types\/post"}],"author":[{"embeddable":true,"href":"http:\/\/etchegoyen.cl\/jardinbrisadelsol\/wp-json\/wp\/v2\/users\/1"}],"replies":[{"embeddable":true,"href":"http:\/\/etchegoyen.cl\/jardinbrisadelsol\/wp-json\/wp\/v2\/comments?post=7510"}],"version-history":[{"count":6,"href":"http:\/\/etchegoyen.cl\/jardinbrisadelsol\/wp-json\/wp\/v2\/posts\/7510\/revisions"}],"predecessor-version":[{"id":7519,"href":"http:\/\/etchegoyen.cl\/jardinbrisadelsol\/wp-json\/wp\/v2\/posts\/7510\/revisions\/7519"}],"wp:attachment":[{"href":"http:\/\/etchegoyen.cl\/jardinbrisadelsol\/wp-json\/wp\/v2\/media?parent=7510"}],"wp:term":[{"taxonomy":"category","embeddable":true,"href":"http:\/\/etchegoyen.cl\/jardinbrisadelsol\/wp-json\/wp\/v2\/categories?post=7510"},{"taxonomy":"post_tag","embeddable":true,"href":"http:\/\/etchegoyen.cl\/jardinbrisadelsol\/wp-json\/wp\/v2\/tags?post=7510"}],"curies":[{"name":"wp","href":"https:\/\/api.w.org\/{rel}","templated":true}]}}