{"id":7725,"date":"2024-07-31T20:53:39","date_gmt":"2024-07-31T20:53:39","guid":{"rendered":"http:\/\/etchegoyen.cl\/jardinbrisadelsol\/?p=7725"},"modified":"2024-07-31T20:55:23","modified_gmt":"2024-07-31T20:55:23","slug":"jordana-de-capacitacion","status":"publish","type":"post","link":"http:\/\/etchegoyen.cl\/jardinbrisadelsol\/2024\/07\/31\/jordana-de-capacitacion\/","title":{"rendered":"JORDANA DE CAPACITACI\u00d3N"},"content":{"rendered":"<section class=\"wpb-content-wrapper\"><p>[vc_row][vc_column][vc_column_text]<\/p>\n<div class=\"x11i5rnm xat24cr x1mh8g0r x1vvkbs xtlvy1s x126k92a\">\n<div dir=\"auto\" style=\"text-align: justify;\">\n<p>En nuestra Sala Cuna y Jard\u00edn Infantil Etchegoyen Brisa del Sol, el jueves 25 de julio, se realiz\u00f3 una jornada de capacitaci\u00f3n dictada por la Asesora T\u00e9cnica Regional de la Intendencia de Educaci\u00f3n Parvularia &#8211; Superintendencia de Educaci\u00f3n la Sra. Ana Mar\u00eda Estrada Mu\u00f1oz.<\/p>\n<\/div>\n<\/div>\n<div class=\"x11i5rnm xat24cr x1mh8g0r x1vvkbs xtlvy1s x126k92a\">\n<div dir=\"auto\" style=\"text-align: justify;\">En dicha actividad se profundiz\u00f3 la normativa N\u00b0860 sobre reglamentos interno para establecimientos de educaci\u00f3n parvularia con reconocimiento oficial.<\/div>\n<\/div>\n<p>[\/vc_column_text][vc_gallery type=&#8221;image_grid&#8221; images=&#8221;7729,7730,7731,7732,7733,7734,7735,7736&#8243;][\/vc_column][\/vc_row]<\/p>\n<\/section>","protected":false},"excerpt":{"rendered":"<p>[vc_row][vc_column][vc_column_text] En nuestra Sala Cuna y Jard\u00edn Infantil Etchegoyen Brisa del Sol, el jueves 25 de julio, se realiz\u00f3 una jornada de capacitaci\u00f3n dictada por la Asesora T\u00e9cnica&#8230;<\/p>\n","protected":false},"author":1,"featured_media":0,"comment_status":"closed","ping_status":"closed","sticky":false,"template":"","format":"standard","meta":{"footnotes":"","_links_to":"","_links_to_target":""},"categories":[54],"tags":[],"class_list":["post-7725","post","type-post","status-publish","format-standard","hentry","category-noticias"],"_links":{"self":[{"href":"http:\/\/etchegoyen.cl\/jardinbrisadelsol\/wp-json\/wp\/v2\/posts\/7725","targetHints":{"allow":["GET"]}}],"collection":[{"href":"http:\/\/etchegoyen.cl\/jardinbrisadelsol\/wp-json\/wp\/v2\/posts"}],"about":[{"href":"http:\/\/etchegoyen.cl\/jardinbrisadelsol\/wp-json\/wp\/v2\/types\/post"}],"author":[{"embeddable":true,"href":"http:\/\/etchegoyen.cl\/jardinbrisadelsol\/wp-json\/wp\/v2\/users\/1"}],"replies":[{"embeddable":true,"href":"http:\/\/etchegoyen.cl\/jardinbrisadelsol\/wp-json\/wp\/v2\/comments?post=7725"}],"version-history":[{"count":3,"href":"http:\/\/etchegoyen.cl\/jardinbrisadelsol\/wp-json\/wp\/v2\/posts\/7725\/revisions"}],"predecessor-version":[{"id":7728,"href":"http:\/\/etchegoyen.cl\/jardinbrisadelsol\/wp-json\/wp\/v2\/posts\/7725\/revisions\/7728"}],"wp:attachment":[{"href":"http:\/\/etchegoyen.cl\/jardinbrisadelsol\/wp-json\/wp\/v2\/media?parent=7725"}],"wp:term":[{"taxonomy":"category","embeddable":true,"href":"http:\/\/etchegoyen.cl\/jardinbrisadelsol\/wp-json\/wp\/v2\/categories?post=7725"},{"taxonomy":"post_tag","embeddable":true,"href":"http:\/\/etchegoyen.cl\/jardinbrisadelsol\/wp-json\/wp\/v2\/tags?post=7725"}],"curies":[{"name":"wp","href":"https:\/\/api.w.org\/{rel}","templated":true}]}}