{"id":7866,"date":"2024-09-11T19:09:26","date_gmt":"2024-09-11T19:09:26","guid":{"rendered":"http:\/\/etchegoyen.cl\/jardinbrisadelsol\/?p=7866"},"modified":"2024-09-11T19:24:18","modified_gmt":"2024-09-11T19:24:18","slug":"acto-inaugural-fiesta-de-la-chilenidad-2024","status":"publish","type":"post","link":"http:\/\/etchegoyen.cl\/jardinbrisadelsol\/2024\/09\/11\/acto-inaugural-fiesta-de-la-chilenidad-2024\/","title":{"rendered":"ACTO INAUGURAL FIESTA DE LA CHILENIDAD 2024"},"content":{"rendered":"<section class=\"wpb-content-wrapper\"><p>[vc_row][vc_column][vc_column_text]<\/p>\n<p style=\"text-align: justify;\">Nuestra Sala Cuna y Jard\u00edn Infantil Etchegoyen Brisa del Sol, prepar\u00f3 el escenario perfecto para dar inicio a la celebraci\u00f3n de fiestas patrias. Es por esto que el martes 10, los peque\u00f1os y peque\u00f1as se congregaron con entusiasmo, luciendo muy felices sus trajes t\u00edpicos chilenos que rend\u00edan homenaje a las ra\u00edces y cultura de nuestro pa\u00eds. El evento fue una celebraci\u00f3n llena de tradici\u00f3n y unidad en el logr\u00f3 compartir y disfrutar de las costumbres t\u00edpicas chilenas.<\/p>\n<p>[\/vc_column_text][vc_gallery type=&#8221;image_grid&#8221; images=&#8221;7869,7870,7871,7872,7873,7874,7875,7876&#8243;][vc_column_text]PARA VER LA GALER\u00cdA COMPLETA REVISAR EL FACEBOOK OFICIAL[\/vc_column_text][\/vc_column][\/vc_row]<\/p>\n<\/section>","protected":false},"excerpt":{"rendered":"<p>[vc_row][vc_column][vc_column_text] Nuestra Sala Cuna y Jard\u00edn Infantil Etchegoyen Brisa del Sol, prepar\u00f3 el escenario perfecto para dar inicio a la celebraci\u00f3n de fiestas patrias. Es por esto que&#8230;<\/p>\n","protected":false},"author":1,"featured_media":0,"comment_status":"closed","ping_status":"closed","sticky":false,"template":"","format":"standard","meta":{"footnotes":"","_links_to":"","_links_to_target":""},"categories":[54],"tags":[],"class_list":["post-7866","post","type-post","status-publish","format-standard","hentry","category-noticias"],"_links":{"self":[{"href":"http:\/\/etchegoyen.cl\/jardinbrisadelsol\/wp-json\/wp\/v2\/posts\/7866","targetHints":{"allow":["GET"]}}],"collection":[{"href":"http:\/\/etchegoyen.cl\/jardinbrisadelsol\/wp-json\/wp\/v2\/posts"}],"about":[{"href":"http:\/\/etchegoyen.cl\/jardinbrisadelsol\/wp-json\/wp\/v2\/types\/post"}],"author":[{"embeddable":true,"href":"http:\/\/etchegoyen.cl\/jardinbrisadelsol\/wp-json\/wp\/v2\/users\/1"}],"replies":[{"embeddable":true,"href":"http:\/\/etchegoyen.cl\/jardinbrisadelsol\/wp-json\/wp\/v2\/comments?post=7866"}],"version-history":[{"count":3,"href":"http:\/\/etchegoyen.cl\/jardinbrisadelsol\/wp-json\/wp\/v2\/posts\/7866\/revisions"}],"predecessor-version":[{"id":7878,"href":"http:\/\/etchegoyen.cl\/jardinbrisadelsol\/wp-json\/wp\/v2\/posts\/7866\/revisions\/7878"}],"wp:attachment":[{"href":"http:\/\/etchegoyen.cl\/jardinbrisadelsol\/wp-json\/wp\/v2\/media?parent=7866"}],"wp:term":[{"taxonomy":"category","embeddable":true,"href":"http:\/\/etchegoyen.cl\/jardinbrisadelsol\/wp-json\/wp\/v2\/categories?post=7866"},{"taxonomy":"post_tag","embeddable":true,"href":"http:\/\/etchegoyen.cl\/jardinbrisadelsol\/wp-json\/wp\/v2\/tags?post=7866"}],"curies":[{"name":"wp","href":"https:\/\/api.w.org\/{rel}","templated":true}]}}