{"id":7893,"date":"2024-10-01T11:11:45","date_gmt":"2024-10-01T11:11:45","guid":{"rendered":"http:\/\/etchegoyen.cl\/jardinbrisadelsol\/?p=7893"},"modified":"2024-10-01T12:00:24","modified_gmt":"2024-10-01T12:00:24","slug":"programa-pipe-de-explora-bio-bio-udec","status":"publish","type":"post","link":"http:\/\/etchegoyen.cl\/jardinbrisadelsol\/2024\/10\/01\/programa-pipe-de-explora-bio-bio-udec\/","title":{"rendered":"PROGRAMA PIPE DE EXPLORA BIO BIO- UDEC"},"content":{"rendered":"<section class=\"wpb-content-wrapper\"><p>[vc_row][vc_column][vc_column_text]<\/p>\n<div class=\"x11i5rnm xat24cr x1mh8g0r x1vvkbs xtlvy1s x126k92a\">\n<div dir=\"auto\" style=\"text-align: justify;\">La actividad para los p\u00e1rvulos de los niveles medios quienes participan del programa PIPE (Programa de indagaci\u00f3n para primeras edades) se denomino &#8220;Animales en problemas \u00a1vamos a ayudar!&#8221;, la cual tuvo como objetivo que lograr reconocer algunos problemas que afecten a los animales enfoc\u00e1ndose en la acci\u00f3n humana, a trav\u00e9s de actividades grupales.<\/div>\n<div dir=\"auto\" style=\"text-align: justify;\"><\/div>\n<\/div>\n<div class=\"x11i5rnm xat24cr x1mh8g0r x1vvkbs xtlvy1s x126k92a\" style=\"text-align: justify;\">\n<div dir=\"auto\">Este programa est\u00e1 liderado por la T\u00e9cnica en educaci\u00f3n de p\u00e1rvulos Mar\u00eda Jos\u00e9 Contreras Reyes y en esta ocasi\u00f3n colabor\u00f3 una de nuestras apoderadas en su rol de m\u00e9dica veterinaria.<\/div>\n<div dir=\"auto\"><\/div>\n<\/div>\n<div class=\"x11i5rnm xat24cr x1mh8g0r x1vvkbs xtlvy1s x126k92a\">\n<div dir=\"auto\" style=\"text-align: justify;\">Los\/as p\u00e1rvulos se caracterizaron como m\u00e9dicas\/os veterinarias\/os y jugaron en ese rol utilizando implementos para revisarlos, curarlos, identificando los problemas que las mascotas pueden tener con acciones de los seres humanos.<\/div>\n<\/div>\n<p>[\/vc_column_text][vc_gallery type=&#8221;image_grid&#8221; images=&#8221;7904,7903,7902,7901,7900,7899,7898,7897,7896,7907,7908,7909,7910,7911,7912,7913,7914&#8243;][vc_column_text]PARA VER LA GALER\u00cdA COMPLETA PINCHE AQU\u00cd: <a href=\"https:\/\/www.facebook.com\/photo\/?fbid=2002653020163691&amp;set=pcb.2002655676830092\">https:\/\/www.facebook.com\/photo\/?fbid=2002653020163691&amp;set=pcb.2002655676830092<\/a>[\/vc_column_text][\/vc_column][\/vc_row]<\/p>\n<\/section>","protected":false},"excerpt":{"rendered":"<p>[vc_row][vc_column][vc_column_text] La actividad para los p\u00e1rvulos de los niveles medios quienes participan del programa PIPE (Programa de indagaci\u00f3n para primeras edades) se denomino &#8220;Animales en problemas \u00a1vamos a&#8230;<\/p>\n","protected":false},"author":1,"featured_media":0,"comment_status":"closed","ping_status":"closed","sticky":false,"template":"","format":"standard","meta":{"footnotes":"","_links_to":"","_links_to_target":""},"categories":[54],"tags":[],"class_list":["post-7893","post","type-post","status-publish","format-standard","hentry","category-noticias"],"_links":{"self":[{"href":"http:\/\/etchegoyen.cl\/jardinbrisadelsol\/wp-json\/wp\/v2\/posts\/7893","targetHints":{"allow":["GET"]}}],"collection":[{"href":"http:\/\/etchegoyen.cl\/jardinbrisadelsol\/wp-json\/wp\/v2\/posts"}],"about":[{"href":"http:\/\/etchegoyen.cl\/jardinbrisadelsol\/wp-json\/wp\/v2\/types\/post"}],"author":[{"embeddable":true,"href":"http:\/\/etchegoyen.cl\/jardinbrisadelsol\/wp-json\/wp\/v2\/users\/1"}],"replies":[{"embeddable":true,"href":"http:\/\/etchegoyen.cl\/jardinbrisadelsol\/wp-json\/wp\/v2\/comments?post=7893"}],"version-history":[{"count":5,"href":"http:\/\/etchegoyen.cl\/jardinbrisadelsol\/wp-json\/wp\/v2\/posts\/7893\/revisions"}],"predecessor-version":[{"id":7916,"href":"http:\/\/etchegoyen.cl\/jardinbrisadelsol\/wp-json\/wp\/v2\/posts\/7893\/revisions\/7916"}],"wp:attachment":[{"href":"http:\/\/etchegoyen.cl\/jardinbrisadelsol\/wp-json\/wp\/v2\/media?parent=7893"}],"wp:term":[{"taxonomy":"category","embeddable":true,"href":"http:\/\/etchegoyen.cl\/jardinbrisadelsol\/wp-json\/wp\/v2\/categories?post=7893"},{"taxonomy":"post_tag","embeddable":true,"href":"http:\/\/etchegoyen.cl\/jardinbrisadelsol\/wp-json\/wp\/v2\/tags?post=7893"}],"curies":[{"name":"wp","href":"https:\/\/api.w.org\/{rel}","templated":true}]}}