{"id":7918,"date":"2024-10-02T15:37:32","date_gmt":"2024-10-02T15:37:32","guid":{"rendered":"http:\/\/etchegoyen.cl\/jardinbrisadelsol\/?p=7918"},"modified":"2024-10-02T15:46:02","modified_gmt":"2024-10-02T15:46:02","slug":"celebracioon-dia-del-asistente-de-la-educacion-2024","status":"publish","type":"post","link":"http:\/\/etchegoyen.cl\/jardinbrisadelsol\/2024\/10\/02\/celebracioon-dia-del-asistente-de-la-educacion-2024\/","title":{"rendered":"CELEBRACI\u00d3N D\u00cdA DEL ASISTENTE DE LA EDUCACI\u00d3N 2024"},"content":{"rendered":"<section class=\"wpb-content-wrapper\"><p>[vc_row][vc_column][vc_column_text]El 01 de octubre se celebr\u00f3 el D\u00eda de las y los Asistentes de la Educaci\u00f3n. Esta celebraci\u00f3n se instituy\u00f3 el a\u00f1o 1993, considerando el aporte fundamental que realizan estas y estos funcionarios al proceso educacional de nuestros ni\u00f1os y ni\u00f1as. Los asistentes de la educaci\u00f3n son aquellos trabajadores que desarrollen las siguientes funciones dentro de nuestra unidad educativa: De servicios auxiliares, que corresponde a las labores de cuidado, protecci\u00f3n y mantenci\u00f3n de los establecimientos.<\/p>\n<p style=\"text-align: justify;\">En un sentido amplio todo el personal de la Sala Cuna y Jard\u00edn Infantil colabora para que el proceso educativo se lleve a cabo. Cada funcionaria, independiente de su labor es parte de la comunidad educativa, cuyo fin \u00faltimo es el desarrollo integral de nuestros lactantes y p\u00e1rvulos.<\/p>\n<p style=\"text-align: justify;\">Muchas felicidades a nuestras dos auxiliares de servicios menores las queridas \u201cT\u00eda Fabiola y T\u00eda Cecilia\u201d.<\/p>\n<p style=\"text-align: justify;\">Nuestros p\u00e1rvulos y lactantes les demostraron su cari\u00f1o y gratitud a trav\u00e9s de bailes, as\u00ed como los apoderados del nivel medio menor y el equipo educativo les entregaron regalitos.<\/p>\n<p>[\/vc_column_text][vc_gallery type=&#8221;image_grid&#8221; images=&#8221;7948,7949,7950,7951,7952,7953,7954,7955&#8243;][\/vc_column][\/vc_row]<\/p>\n<\/section>","protected":false},"excerpt":{"rendered":"<p>[vc_row][vc_column][vc_column_text]El 01 de octubre se celebr\u00f3 el D\u00eda de las y los Asistentes de la Educaci\u00f3n. Esta celebraci\u00f3n se instituy\u00f3 el a\u00f1o 1993, considerando el aporte fundamental que&#8230;<\/p>\n","protected":false},"author":1,"featured_media":0,"comment_status":"closed","ping_status":"closed","sticky":false,"template":"","format":"standard","meta":{"footnotes":"","_links_to":"","_links_to_target":""},"categories":[54],"tags":[],"class_list":["post-7918","post","type-post","status-publish","format-standard","hentry","category-noticias"],"_links":{"self":[{"href":"http:\/\/etchegoyen.cl\/jardinbrisadelsol\/wp-json\/wp\/v2\/posts\/7918","targetHints":{"allow":["GET"]}}],"collection":[{"href":"http:\/\/etchegoyen.cl\/jardinbrisadelsol\/wp-json\/wp\/v2\/posts"}],"about":[{"href":"http:\/\/etchegoyen.cl\/jardinbrisadelsol\/wp-json\/wp\/v2\/types\/post"}],"author":[{"embeddable":true,"href":"http:\/\/etchegoyen.cl\/jardinbrisadelsol\/wp-json\/wp\/v2\/users\/1"}],"replies":[{"embeddable":true,"href":"http:\/\/etchegoyen.cl\/jardinbrisadelsol\/wp-json\/wp\/v2\/comments?post=7918"}],"version-history":[{"count":4,"href":"http:\/\/etchegoyen.cl\/jardinbrisadelsol\/wp-json\/wp\/v2\/posts\/7918\/revisions"}],"predecessor-version":[{"id":7957,"href":"http:\/\/etchegoyen.cl\/jardinbrisadelsol\/wp-json\/wp\/v2\/posts\/7918\/revisions\/7957"}],"wp:attachment":[{"href":"http:\/\/etchegoyen.cl\/jardinbrisadelsol\/wp-json\/wp\/v2\/media?parent=7918"}],"wp:term":[{"taxonomy":"category","embeddable":true,"href":"http:\/\/etchegoyen.cl\/jardinbrisadelsol\/wp-json\/wp\/v2\/categories?post=7918"},{"taxonomy":"post_tag","embeddable":true,"href":"http:\/\/etchegoyen.cl\/jardinbrisadelsol\/wp-json\/wp\/v2\/tags?post=7918"}],"curies":[{"name":"wp","href":"https:\/\/api.w.org\/{rel}","templated":true}]}}