{"id":7958,"date":"2024-10-04T15:23:38","date_gmt":"2024-10-04T15:23:38","guid":{"rendered":"http:\/\/etchegoyen.cl\/jardinbrisadelsol\/?p=7958"},"modified":"2024-10-04T16:36:05","modified_gmt":"2024-10-04T16:36:05","slug":"dia-de-la-musica-y-musicos-chilenos","status":"publish","type":"post","link":"http:\/\/etchegoyen.cl\/jardinbrisadelsol\/2024\/10\/04\/dia-de-la-musica-y-musicos-chilenos\/","title":{"rendered":"D\u00cdA DE LA M\u00daSICA Y M\u00daSICOS CHILENOS"},"content":{"rendered":"<section class=\"wpb-content-wrapper\"><p>[vc_row][vc_column][vc_column_text]<\/p>\n<p style=\"text-align: justify;\">Hoy celebramos el D\u00eda de la M\u00fasica y M\u00fasicos Chilenos, desde 2015, se realiza cada 4 de octubre, fecha establecida por ley, una fecha que nos invita a reconocer el valioso aporte de todos quienes llenan nuestras vidas de melod\u00edas y preservan la cultura musical del pa\u00eds, sin importar el estilo que sea. Este d\u00eda se conmemora en honor al natalicio de la gran Violeta, una de las mayores recopiladoras de los cantos populares chilenos, que viaj\u00f3 por todo el pa\u00eds.<\/p>\n<p style=\"text-align: justify;\">Es por esto que nuestros ni\u00f1os\/as se unieron para homenajear este d\u00eda tan importante, donde con mucho entusiasmo bailaron, cantaron y compartieron entre ellos juntos a sus educadoras.<\/p>\n<p>[\/vc_column_text][vc_gallery type=&#8221;image_grid&#8221; images=&#8221;7963,7964,7965,7966,7967,7968,7972,7973&#8243;][vc_column_text]PARA VER LA GALER\u00cdA COMPLETA PINCHE AQU\u00cd: <a href=\"https:\/\/www.facebook.com\/photo\/?fbid=2005894419839551&amp;set=pcb.2005895549839438\">https:\/\/www.facebook.com\/photo\/?fbid=2005894419839551&amp;set=pcb.2005895549839438<\/a>[\/vc_column_text][\/vc_column][\/vc_row]<\/p>\n<\/section>","protected":false},"excerpt":{"rendered":"<p>[vc_row][vc_column][vc_column_text] Hoy celebramos el D\u00eda de la M\u00fasica y M\u00fasicos Chilenos, desde 2015, se realiza cada 4 de octubre, fecha establecida por ley, una fecha que nos invita&#8230;<\/p>\n","protected":false},"author":1,"featured_media":0,"comment_status":"closed","ping_status":"closed","sticky":false,"template":"","format":"standard","meta":{"footnotes":"","_links_to":"","_links_to_target":""},"categories":[54],"tags":[],"class_list":["post-7958","post","type-post","status-publish","format-standard","hentry","category-noticias"],"_links":{"self":[{"href":"http:\/\/etchegoyen.cl\/jardinbrisadelsol\/wp-json\/wp\/v2\/posts\/7958","targetHints":{"allow":["GET"]}}],"collection":[{"href":"http:\/\/etchegoyen.cl\/jardinbrisadelsol\/wp-json\/wp\/v2\/posts"}],"about":[{"href":"http:\/\/etchegoyen.cl\/jardinbrisadelsol\/wp-json\/wp\/v2\/types\/post"}],"author":[{"embeddable":true,"href":"http:\/\/etchegoyen.cl\/jardinbrisadelsol\/wp-json\/wp\/v2\/users\/1"}],"replies":[{"embeddable":true,"href":"http:\/\/etchegoyen.cl\/jardinbrisadelsol\/wp-json\/wp\/v2\/comments?post=7958"}],"version-history":[{"count":6,"href":"http:\/\/etchegoyen.cl\/jardinbrisadelsol\/wp-json\/wp\/v2\/posts\/7958\/revisions"}],"predecessor-version":[{"id":7976,"href":"http:\/\/etchegoyen.cl\/jardinbrisadelsol\/wp-json\/wp\/v2\/posts\/7958\/revisions\/7976"}],"wp:attachment":[{"href":"http:\/\/etchegoyen.cl\/jardinbrisadelsol\/wp-json\/wp\/v2\/media?parent=7958"}],"wp:term":[{"taxonomy":"category","embeddable":true,"href":"http:\/\/etchegoyen.cl\/jardinbrisadelsol\/wp-json\/wp\/v2\/categories?post=7958"},{"taxonomy":"post_tag","embeddable":true,"href":"http:\/\/etchegoyen.cl\/jardinbrisadelsol\/wp-json\/wp\/v2\/tags?post=7958"}],"curies":[{"name":"wp","href":"https:\/\/api.w.org\/{rel}","templated":true}]}}