{"id":7987,"date":"2024-11-26T14:57:14","date_gmt":"2024-11-26T14:57:14","guid":{"rendered":"https:\/\/etchegoyen.cl\/jardinbrisadelsol\/?p=7987"},"modified":"2024-11-26T14:59:50","modified_gmt":"2024-11-26T14:59:50","slug":"semana-de-la-educacion-parvularia-2024","status":"publish","type":"post","link":"http:\/\/etchegoyen.cl\/jardinbrisadelsol\/2024\/11\/26\/semana-de-la-educacion-parvularia-2024\/","title":{"rendered":"SEMANA DE LA EDUCACION PARVULARIA 2024"},"content":{"rendered":"<section class=\"wpb-content-wrapper\"><p>[vc_row][vc_column][vc_column_text]<\/p>\n<div class=\"x11i5rnm xat24cr x1mh8g0r x1vvkbs xtlvy1s x126k92a\">\n<div dir=\"auto\" style=\"text-align: justify;\">En nuestra Sala Cuna y Jard\u00edn Infantil Etchegoyen Brisa del sol, se celebr\u00f3 la Semana de la Educaci\u00f3n Parvularia, entre el 18 y 22 de noviembre. Durante la semana se realizaron diferentes actividades entretenidas y significativas para nuestros lactantes, ni\u00f1os, ni\u00f1as y toda la comunidad educativa.<\/div>\n<div dir=\"auto\" style=\"text-align: justify;\"><\/div>\n<\/div>\n<div class=\"x11i5rnm xat24cr x1mh8g0r x1vvkbs xtlvy1s x126k92a\" style=\"text-align: justify;\">\n<div dir=\"auto\">\u00bfQu\u00e9 se celebra en esta fecha? Desde 1991, cada 22 de noviembre se conmemora en el pa\u00eds el d\u00eda de la Educaci\u00f3n Parvularia y al Educador\/a de P\u00e1rvulos, para enfatizar la relevancia del primer nivel educativo (ley 20.370 art.28) la fecha recuerda la creaci\u00f3n de la primera escuela de educaci\u00f3n parvularia, en la Universidad de Chile, el a\u00f1o 1944.<\/div>\n<div dir=\"auto\"><\/div>\n<\/div>\n<div class=\"x11i5rnm xat24cr x1mh8g0r x1vvkbs xtlvy1s x126k92a\" style=\"text-align: justify;\">\n<div dir=\"auto\">La primera infancia es la etapa de la vida que va desde el nacimiento a los 6 a\u00f1os. Las experiencias vividas por los ni\u00f1os y ni\u00f1as durante estos a\u00f1os influyen significativamente en sus posibilidades futuras.<\/div>\n<div dir=\"auto\"><\/div>\n<\/div>\n<div class=\"x11i5rnm xat24cr x1mh8g0r x1vvkbs xtlvy1s x126k92a\">\n<div dir=\"auto\" style=\"text-align: justify;\">Algunas de las actividades fueron Marcha \u201cYo cuido mi medio ambiente\u201d, Show de las familias, Show del Equipo Educativo, Polera entretenida con Convivencia y para finalizar la Celebraci\u00f3n del d\u00eda de la Educaci\u00f3n Parvularia y Educador\/a de P\u00e1rvulos.<\/div>\n<\/div>\n<p>[\/vc_column_text][vc_gallery type=&#8221;image_grid&#8221; images=&#8221;7991,7992,7993,7994,7995,7996,7997,7998&#8243;][vc_column_text]PARA VER LA GALER\u00cdA COMPLETA PINCHE AQU\u00cd:\u00a0 <a href=\"https:\/\/www.facebook.com\/photo\/?fbid=2045639225865070&amp;set=pcb.2045640409198285\">https:\/\/www.facebook.com\/photo\/?fbid=2045639225865070&amp;set=pcb.2045640409198285<\/a>[\/vc_column_text][\/vc_column][\/vc_row]<\/p>\n<\/section>","protected":false},"excerpt":{"rendered":"<p>[vc_row][vc_column][vc_column_text] En nuestra Sala Cuna y Jard\u00edn Infantil Etchegoyen Brisa del sol, se celebr\u00f3 la Semana de la Educaci\u00f3n Parvularia, entre el 18 y 22 de noviembre. Durante&#8230;<\/p>\n","protected":false},"author":1,"featured_media":0,"comment_status":"closed","ping_status":"closed","sticky":false,"template":"","format":"standard","meta":{"footnotes":"","_links_to":"","_links_to_target":""},"categories":[54],"tags":[],"class_list":["post-7987","post","type-post","status-publish","format-standard","hentry","category-noticias"],"_links":{"self":[{"href":"http:\/\/etchegoyen.cl\/jardinbrisadelsol\/wp-json\/wp\/v2\/posts\/7987","targetHints":{"allow":["GET"]}}],"collection":[{"href":"http:\/\/etchegoyen.cl\/jardinbrisadelsol\/wp-json\/wp\/v2\/posts"}],"about":[{"href":"http:\/\/etchegoyen.cl\/jardinbrisadelsol\/wp-json\/wp\/v2\/types\/post"}],"author":[{"embeddable":true,"href":"http:\/\/etchegoyen.cl\/jardinbrisadelsol\/wp-json\/wp\/v2\/users\/1"}],"replies":[{"embeddable":true,"href":"http:\/\/etchegoyen.cl\/jardinbrisadelsol\/wp-json\/wp\/v2\/comments?post=7987"}],"version-history":[{"count":3,"href":"http:\/\/etchegoyen.cl\/jardinbrisadelsol\/wp-json\/wp\/v2\/posts\/7987\/revisions"}],"predecessor-version":[{"id":7999,"href":"http:\/\/etchegoyen.cl\/jardinbrisadelsol\/wp-json\/wp\/v2\/posts\/7987\/revisions\/7999"}],"wp:attachment":[{"href":"http:\/\/etchegoyen.cl\/jardinbrisadelsol\/wp-json\/wp\/v2\/media?parent=7987"}],"wp:term":[{"taxonomy":"category","embeddable":true,"href":"http:\/\/etchegoyen.cl\/jardinbrisadelsol\/wp-json\/wp\/v2\/categories?post=7987"},{"taxonomy":"post_tag","embeddable":true,"href":"http:\/\/etchegoyen.cl\/jardinbrisadelsol\/wp-json\/wp\/v2\/tags?post=7987"}],"curies":[{"name":"wp","href":"https:\/\/api.w.org\/{rel}","templated":true}]}}