{"id":8065,"date":"2025-04-30T16:20:58","date_gmt":"2025-04-30T16:20:58","guid":{"rendered":"http:\/\/etchegoyen.cl\/jardinbrisadelsol\/?p=8065"},"modified":"2025-04-30T18:08:47","modified_gmt":"2025-04-30T18:08:47","slug":"concienciacion-autismo-y-sindrome-de-down","status":"publish","type":"post","link":"http:\/\/etchegoyen.cl\/jardinbrisadelsol\/2025\/04\/30\/concienciacion-autismo-y-sindrome-de-down\/","title":{"rendered":"D\u00cdA MUNDIAL DE CONCIENCIACI\u00d3N SOBRE EL AUTISMO Y D\u00cdA MUNDIAL DEL S\u00cdNDROME DE DOWN"},"content":{"rendered":"<section class=\"wpb-content-wrapper\"><p>[vc_row][vc_column][vc_column_text]<\/p>\n<p style=\"text-align: justify;\">En nuestro jard\u00edn infantil, celebramos el D\u00eda Mundial de Concienciaci\u00f3n sobre el Autismo y el D\u00eda Mundial del S\u00edndrome de Down, dos fechas muy especiales que nos invitan a reflexionar y promover valores fundamentales como el respeto, la empat\u00eda y la inclusi\u00f3n desde los primeros a\u00f1os de vida. En nuestra comunidad educativa, creemos firmemente que cada ni\u00f1o y ni\u00f1a es \u00fanico, con su propio ritmo, intereses y formas de expresarse. Reconocer y valorar estas diferencias nos enriquece como sociedad y nos permite construir entornos m\u00e1s amables, comprensivos y accesibles para todos y todas.<\/p>\n<p>[\/vc_column_text][vc_gallery type=&#8221;image_grid&#8221; images=&#8221;8069,8070,8071,8072,8073,8074,8075,8076&#8243;][\/vc_column][\/vc_row]<\/p>\n<\/section>","protected":false},"excerpt":{"rendered":"<p>[vc_row][vc_column][vc_column_text] En nuestro jard\u00edn infantil, celebramos el D\u00eda Mundial de Concienciaci\u00f3n sobre el Autismo y el D\u00eda Mundial del S\u00edndrome de Down, dos fechas muy especiales que nos&#8230;<\/p>\n","protected":false},"author":1,"featured_media":0,"comment_status":"closed","ping_status":"closed","sticky":false,"template":"","format":"standard","meta":{"footnotes":"","_links_to":"","_links_to_target":""},"categories":[54],"tags":[],"class_list":["post-8065","post","type-post","status-publish","format-standard","hentry","category-noticias"],"_links":{"self":[{"href":"http:\/\/etchegoyen.cl\/jardinbrisadelsol\/wp-json\/wp\/v2\/posts\/8065","targetHints":{"allow":["GET"]}}],"collection":[{"href":"http:\/\/etchegoyen.cl\/jardinbrisadelsol\/wp-json\/wp\/v2\/posts"}],"about":[{"href":"http:\/\/etchegoyen.cl\/jardinbrisadelsol\/wp-json\/wp\/v2\/types\/post"}],"author":[{"embeddable":true,"href":"http:\/\/etchegoyen.cl\/jardinbrisadelsol\/wp-json\/wp\/v2\/users\/1"}],"replies":[{"embeddable":true,"href":"http:\/\/etchegoyen.cl\/jardinbrisadelsol\/wp-json\/wp\/v2\/comments?post=8065"}],"version-history":[{"count":7,"href":"http:\/\/etchegoyen.cl\/jardinbrisadelsol\/wp-json\/wp\/v2\/posts\/8065\/revisions"}],"predecessor-version":[{"id":8098,"href":"http:\/\/etchegoyen.cl\/jardinbrisadelsol\/wp-json\/wp\/v2\/posts\/8065\/revisions\/8098"}],"wp:attachment":[{"href":"http:\/\/etchegoyen.cl\/jardinbrisadelsol\/wp-json\/wp\/v2\/media?parent=8065"}],"wp:term":[{"taxonomy":"category","embeddable":true,"href":"http:\/\/etchegoyen.cl\/jardinbrisadelsol\/wp-json\/wp\/v2\/categories?post=8065"},{"taxonomy":"post_tag","embeddable":true,"href":"http:\/\/etchegoyen.cl\/jardinbrisadelsol\/wp-json\/wp\/v2\/tags?post=8065"}],"curies":[{"name":"wp","href":"https:\/\/api.w.org\/{rel}","templated":true}]}}