{"id":8081,"date":"2025-04-30T17:59:57","date_gmt":"2025-04-30T17:59:57","guid":{"rendered":"http:\/\/etchegoyen.cl\/jardinbrisadelsol\/?p=8081"},"modified":"2025-04-30T18:10:01","modified_gmt":"2025-04-30T18:10:01","slug":"desfile-ecologico-2","status":"publish","type":"post","link":"http:\/\/etchegoyen.cl\/jardinbrisadelsol\/2025\/04\/30\/desfile-ecologico-2\/","title":{"rendered":"DESFILE ECOL\u00d3GICO, ACTIVIDAD REALIZADA EN LA SEMANA DE LA FAMILIA"},"content":{"rendered":"<section class=\"wpb-content-wrapper\"><p>[vc_row][vc_column][vc_column_text]<\/p>\n<p style=\"text-align: justify;\">En el marco de la celebraci\u00f3n del D\u00eda de la Familia, se realiz\u00f3 un alegre y significativo desfile ecol\u00f3gico en el que los p\u00e1rvulos participaron con entusiasmo, luciendo disfraces y accesorios confeccionados en conjunto con sus familias, a partir de materiales reciclados. Esta actividad no solo fortaleci\u00f3 los lazos entre hogar y jard\u00edn, sino que tambi\u00e9n permiti\u00f3 reforzar nuestro sello educativo, promoviendo la conciencia ambiental, la creatividad y el trabajo colaborativo desde la primera infancia.<\/p>\n<p>[\/vc_column_text][vc_gallery type=&#8221;image_grid&#8221; images=&#8221;8084,8085,8086,8087,8088,8089,8090,8091,8092&#8243;][\/vc_column][\/vc_row]<\/p>\n<\/section>","protected":false},"excerpt":{"rendered":"<p>[vc_row][vc_column][vc_column_text] En el marco de la celebraci\u00f3n del D\u00eda de la Familia, se realiz\u00f3 un alegre y significativo desfile ecol\u00f3gico en el que los p\u00e1rvulos participaron con entusiasmo,&#8230;<\/p>\n","protected":false},"author":1,"featured_media":0,"comment_status":"closed","ping_status":"closed","sticky":false,"template":"","format":"standard","meta":{"footnotes":"","_links_to":"","_links_to_target":""},"categories":[54],"tags":[],"class_list":["post-8081","post","type-post","status-publish","format-standard","hentry","category-noticias"],"_links":{"self":[{"href":"http:\/\/etchegoyen.cl\/jardinbrisadelsol\/wp-json\/wp\/v2\/posts\/8081","targetHints":{"allow":["GET"]}}],"collection":[{"href":"http:\/\/etchegoyen.cl\/jardinbrisadelsol\/wp-json\/wp\/v2\/posts"}],"about":[{"href":"http:\/\/etchegoyen.cl\/jardinbrisadelsol\/wp-json\/wp\/v2\/types\/post"}],"author":[{"embeddable":true,"href":"http:\/\/etchegoyen.cl\/jardinbrisadelsol\/wp-json\/wp\/v2\/users\/1"}],"replies":[{"embeddable":true,"href":"http:\/\/etchegoyen.cl\/jardinbrisadelsol\/wp-json\/wp\/v2\/comments?post=8081"}],"version-history":[{"count":5,"href":"http:\/\/etchegoyen.cl\/jardinbrisadelsol\/wp-json\/wp\/v2\/posts\/8081\/revisions"}],"predecessor-version":[{"id":8099,"href":"http:\/\/etchegoyen.cl\/jardinbrisadelsol\/wp-json\/wp\/v2\/posts\/8081\/revisions\/8099"}],"wp:attachment":[{"href":"http:\/\/etchegoyen.cl\/jardinbrisadelsol\/wp-json\/wp\/v2\/media?parent=8081"}],"wp:term":[{"taxonomy":"category","embeddable":true,"href":"http:\/\/etchegoyen.cl\/jardinbrisadelsol\/wp-json\/wp\/v2\/categories?post=8081"},{"taxonomy":"post_tag","embeddable":true,"href":"http:\/\/etchegoyen.cl\/jardinbrisadelsol\/wp-json\/wp\/v2\/tags?post=8081"}],"curies":[{"name":"wp","href":"https:\/\/api.w.org\/{rel}","templated":true}]}}