{"id":8100,"date":"2025-04-30T18:20:05","date_gmt":"2025-04-30T18:20:05","guid":{"rendered":"http:\/\/etchegoyen.cl\/jardinbrisadelsol\/?p=8100"},"modified":"2025-04-30T18:29:57","modified_gmt":"2025-04-30T18:29:57","slug":"celebracion-dia-de-la-familia","status":"publish","type":"post","link":"http:\/\/etchegoyen.cl\/jardinbrisadelsol\/2025\/04\/30\/celebracion-dia-de-la-familia\/","title":{"rendered":"CELEBRACI\u00d3N D\u00cdA DE LA FAMILIA"},"content":{"rendered":"<section class=\"wpb-content-wrapper\"><p>[vc_row][vc_column][vc_column_text]<\/p>\n<p style=\"text-align: justify;\">Durante la semana del 14 al 17 de abril, el Jard\u00edn Infantil Etchegoyen Brisa del Sol celebr\u00f3 con entusiasmo el D\u00eda de la Familia, una instancia significativa que promueve el fortalecimiento del v\u00ednculo entre las ni\u00f1as, los ni\u00f1os y sus familias, reconociendo su rol fundamental en el desarrollo integral de los p\u00e1rvulos.<\/p>\n<p style=\"text-align: justify;\">La familia es el pilar fundamental de cada ni\u00f1o\/a, juega un rol fundamental como primer agente educativo brind\u00e1ndole oportunidades de aprendizaje, estimulaci\u00f3n y socializaci\u00f3n. A trav\u00e9s de esta semana especial, se desarrollaron diversas actividades que permitieron la interacci\u00f3n, el afecto y la colaboraci\u00f3n entre la comunidad educativa y las familias.<\/p>\n<p style=\"text-align: justify;\">Entre las actividades realizadas, destacaron los videos con saludos enviados por las familias, un show de talentos por parte de los apoderados\/familias, un colorido desfile ecol\u00f3gico con trajes confeccionados en el hogar con materiales reciclados, una acogedora once familiar, sesiones de cuentos infantiles narrados por apoderados y una jornada de juegos compartidos con las familias.<\/p>\n<p>[\/vc_column_text][vc_gallery type=&#8221;image_grid&#8221; images=&#8221;8103,8104,8105,8106,8107,8108,8109,8110&#8243;][vc_column_text]PARA VER LA GALER\u00cdA COMPLETA PINCHE AQU\u00cd: <a href=\"https:\/\/www.facebook.com\/photo\/?fbid=2169201600175498&amp;set=pcb.2169203080175350\">https:\/\/www.facebook.com\/photo\/?fbid=2169201600175498&amp;set=pcb.2169203080175350<\/a>[\/vc_column_text][\/vc_column][\/vc_row]<\/p>\n<\/section>","protected":false},"excerpt":{"rendered":"<p>[vc_row][vc_column][vc_column_text] Durante la semana del 14 al 17 de abril, el Jard\u00edn Infantil Etchegoyen Brisa del Sol celebr\u00f3 con entusiasmo el D\u00eda de la Familia, una instancia significativa&#8230;<\/p>\n","protected":false},"author":1,"featured_media":0,"comment_status":"closed","ping_status":"closed","sticky":false,"template":"","format":"standard","meta":{"footnotes":"","_links_to":"","_links_to_target":""},"categories":[54],"tags":[],"class_list":["post-8100","post","type-post","status-publish","format-standard","hentry","category-noticias"],"_links":{"self":[{"href":"http:\/\/etchegoyen.cl\/jardinbrisadelsol\/wp-json\/wp\/v2\/posts\/8100","targetHints":{"allow":["GET"]}}],"collection":[{"href":"http:\/\/etchegoyen.cl\/jardinbrisadelsol\/wp-json\/wp\/v2\/posts"}],"about":[{"href":"http:\/\/etchegoyen.cl\/jardinbrisadelsol\/wp-json\/wp\/v2\/types\/post"}],"author":[{"embeddable":true,"href":"http:\/\/etchegoyen.cl\/jardinbrisadelsol\/wp-json\/wp\/v2\/users\/1"}],"replies":[{"embeddable":true,"href":"http:\/\/etchegoyen.cl\/jardinbrisadelsol\/wp-json\/wp\/v2\/comments?post=8100"}],"version-history":[{"count":3,"href":"http:\/\/etchegoyen.cl\/jardinbrisadelsol\/wp-json\/wp\/v2\/posts\/8100\/revisions"}],"predecessor-version":[{"id":8111,"href":"http:\/\/etchegoyen.cl\/jardinbrisadelsol\/wp-json\/wp\/v2\/posts\/8100\/revisions\/8111"}],"wp:attachment":[{"href":"http:\/\/etchegoyen.cl\/jardinbrisadelsol\/wp-json\/wp\/v2\/media?parent=8100"}],"wp:term":[{"taxonomy":"category","embeddable":true,"href":"http:\/\/etchegoyen.cl\/jardinbrisadelsol\/wp-json\/wp\/v2\/categories?post=8100"},{"taxonomy":"post_tag","embeddable":true,"href":"http:\/\/etchegoyen.cl\/jardinbrisadelsol\/wp-json\/wp\/v2\/tags?post=8100"}],"curies":[{"name":"wp","href":"https:\/\/api.w.org\/{rel}","templated":true}]}}