{"id":8221,"date":"2025-08-07T20:04:13","date_gmt":"2025-08-07T20:04:13","guid":{"rendered":"http:\/\/etchegoyen.cl\/jardinbrisadelsol\/?p=8221"},"modified":"2025-08-07T20:08:15","modified_gmt":"2025-08-07T20:08:15","slug":"semana-mundial-de-la-lactancia-materna-2025","status":"publish","type":"post","link":"http:\/\/etchegoyen.cl\/jardinbrisadelsol\/2025\/08\/07\/semana-mundial-de-la-lactancia-materna-2025\/","title":{"rendered":"SEMANA MUNDIAL DE LA LACTANCIA MATERNA 2025"},"content":{"rendered":"<section class=\"wpb-content-wrapper\"><p>[vc_row][vc_column][vc_column_text]<\/p>\n<div class=\"x14z9mp xat24cr x1lziwak x1vvkbs xtlvy1s x126k92a\">\n<div dir=\"auto\" style=\"text-align: justify;\">En nuestra Sala Cuna y Jard\u00edn Infantil Etchegoyen Brisa del Sol celebramos esta semana con profundo compromiso y alegr\u00eda, promoviendo la lactancia materna como un acto de amor, salud y v\u00ednculo esencial para el desarrollo integral de ni\u00f1os y ni\u00f1as.<\/div>\n<div dir=\"auto\" style=\"text-align: justify;\"><\/div>\n<div dir=\"auto\" style=\"text-align: justify;\">Este a\u00f1o, adem\u00e1s, compartimos con orgullo que nuestro establecimiento se encuentra en proceso de acreditaci\u00f3n como JIALMA (Jard\u00edn Infantil Amigo de la Lactancia Materna), en coordinaci\u00f3n con el Ministerio de Salud.<\/div>\n<div dir=\"auto\" style=\"text-align: justify;\"><\/div>\n<div dir=\"auto\" style=\"text-align: justify;\">Este proceso refleja el trabajo intencionado de nuestro equipo educativo por ofrecer un entorno que proteja, respete y promueva la lactancia materna, reconociendo su valor tanto biol\u00f3gico como afectivo.<\/div>\n<div dir=\"auto\" style=\"text-align: justify;\"><\/div>\n<\/div>\n<div class=\"x14z9mp xat24cr x1lziwak x1vvkbs xtlvy1s x126k92a\" style=\"text-align: justify;\">\n<div dir=\"auto\">Equipo de Apoyo a la Lactancia Materna JIALMA<\/div>\n<div dir=\"auto\"><\/div>\n<div dir=\"auto\">Est\u00e1 conformado por educadoras, t\u00e9cnicas y profesionales comprometidas con este desaf\u00edo, bajo la coordinaci\u00f3n de la T\u00e9cnica en Educaci\u00f3n de P\u00e1rvulos Daniela Guerra Torres como coordinadora, quien lidera esta importante labor con dedicaci\u00f3n y vocaci\u00f3n. A ella se suman la Educadora de P\u00e1rvulos B\u00e1rbara Araneda Real y la Directora del establecimiento Karen Henr\u00edquez Beltr\u00e1n.<\/div>\n<div dir=\"auto\"><\/div>\n<\/div>\n<div class=\"x14z9mp xat24cr x1lziwak x1vvkbs xtlvy1s x126k92a\" style=\"text-align: justify;\">\n<div dir=\"auto\"><span class=\"html-span xexx8yu xyri2b x18d9i69 x1c1uobl x1hl2dhg x16tdsg8 x1vvkbs x3nfvp2 x1j61x8r x1fcty0u xdj266r xat24cr xm2jcoa x1mpyi22 xxymvpz xlup9mm x1kky2od\"><img loading=\"lazy\" decoding=\"async\" class=\"xz74otr x15mokao x1ga7v0g x16uus16 xbiv7yw\" src=\"https:\/\/static.xx.fbcdn.net\/images\/emoji.php\/v9\/tea\/1\/16\/1f4ec.png\" alt=\"\ud83d\udcec\" width=\"16\" height=\"16\" \/><\/span> Si necesitas orientaci\u00f3n, apoyo o tienes dudas, puedes escribirnos a nuestro correo institucional:<\/div>\n<div dir=\"auto\"><span class=\"html-span xexx8yu xyri2b x18d9i69 x1c1uobl x1hl2dhg x16tdsg8 x1vvkbs x3nfvp2 x1j61x8r x1fcty0u xdj266r xat24cr xm2jcoa x1mpyi22 xxymvpz xlup9mm x1kky2od\"><img loading=\"lazy\" decoding=\"async\" class=\"xz74otr x15mokao x1ga7v0g x16uus16 xbiv7yw\" src=\"https:\/\/static.xx.fbcdn.net\/images\/emoji.php\/v9\/tbe\/1\/16\/1f4e7.png\" alt=\"\ud83d\udce7\" width=\"16\" height=\"16\" \/><\/span> apoyolactanciamaterna@etchegoyen.cl<\/div>\n<div dir=\"auto\"><\/div>\n<\/div>\n<div class=\"x14z9mp xat24cr x1lziwak x1vvkbs xtlvy1s x126k92a\">\n<div dir=\"auto\" style=\"text-align: justify;\">Agradecemos a cada familia por ser parte activa de esta comunidad que valora, cuida y acompa\u00f1a desde el amor.<\/div>\n<\/div>\n<p>[\/vc_column_text][vc_gallery type=&#8221;image_grid&#8221; images=&#8221;8230,8229,8228,8226,8227,8225&#8243;][\/vc_column][\/vc_row]<\/p>\n<\/section>","protected":false},"excerpt":{"rendered":"<p>[vc_row][vc_column][vc_column_text] En nuestra Sala Cuna y Jard\u00edn Infantil Etchegoyen Brisa del Sol celebramos esta semana con profundo compromiso y alegr\u00eda, promoviendo la lactancia materna como un acto de&#8230;<\/p>\n","protected":false},"author":1,"featured_media":8224,"comment_status":"closed","ping_status":"closed","sticky":false,"template":"","format":"standard","meta":{"footnotes":"","_links_to":"","_links_to_target":""},"categories":[54],"tags":[],"class_list":["post-8221","post","type-post","status-publish","format-standard","has-post-thumbnail","hentry","category-noticias"],"_links":{"self":[{"href":"http:\/\/etchegoyen.cl\/jardinbrisadelsol\/wp-json\/wp\/v2\/posts\/8221","targetHints":{"allow":["GET"]}}],"collection":[{"href":"http:\/\/etchegoyen.cl\/jardinbrisadelsol\/wp-json\/wp\/v2\/posts"}],"about":[{"href":"http:\/\/etchegoyen.cl\/jardinbrisadelsol\/wp-json\/wp\/v2\/types\/post"}],"author":[{"embeddable":true,"href":"http:\/\/etchegoyen.cl\/jardinbrisadelsol\/wp-json\/wp\/v2\/users\/1"}],"replies":[{"embeddable":true,"href":"http:\/\/etchegoyen.cl\/jardinbrisadelsol\/wp-json\/wp\/v2\/comments?post=8221"}],"version-history":[{"count":3,"href":"http:\/\/etchegoyen.cl\/jardinbrisadelsol\/wp-json\/wp\/v2\/posts\/8221\/revisions"}],"predecessor-version":[{"id":8231,"href":"http:\/\/etchegoyen.cl\/jardinbrisadelsol\/wp-json\/wp\/v2\/posts\/8221\/revisions\/8231"}],"wp:featuredmedia":[{"embeddable":true,"href":"http:\/\/etchegoyen.cl\/jardinbrisadelsol\/wp-json\/wp\/v2\/media\/8224"}],"wp:attachment":[{"href":"http:\/\/etchegoyen.cl\/jardinbrisadelsol\/wp-json\/wp\/v2\/media?parent=8221"}],"wp:term":[{"taxonomy":"category","embeddable":true,"href":"http:\/\/etchegoyen.cl\/jardinbrisadelsol\/wp-json\/wp\/v2\/categories?post=8221"},{"taxonomy":"post_tag","embeddable":true,"href":"http:\/\/etchegoyen.cl\/jardinbrisadelsol\/wp-json\/wp\/v2\/tags?post=8221"}],"curies":[{"name":"wp","href":"https:\/\/api.w.org\/{rel}","templated":true}]}}