{"id":8425,"date":"2025-10-13T18:07:46","date_gmt":"2025-10-13T18:07:46","guid":{"rendered":"http:\/\/etchegoyen.cl\/jardinbrisadelsol\/?p=8425"},"modified":"2025-10-13T20:03:47","modified_gmt":"2025-10-13T20:03:47","slug":"taller-de-fonoaudiologia-la-deglucion-infantil-para-un-buen-desarrollo-oral-en-la-lactancia","status":"publish","type":"post","link":"http:\/\/etchegoyen.cl\/jardinbrisadelsol\/2025\/10\/13\/taller-de-fonoaudiologia-la-deglucion-infantil-para-un-buen-desarrollo-oral-en-la-lactancia\/","title":{"rendered":"TALLER DE FONOAUDIOLOG\u00cdA: &#8220;LA DEGLUCI\u00d3N INFANTIL PARA UN BUEN DESARROLLO ORAL EN LA LACTANCIA&#8221;"},"content":{"rendered":"<section class=\"wpb-content-wrapper\"><p>[vc_row][vc_column][vc_column_text]<\/p>\n<div class=\"x14z9mp xat24cr x1lziwak x1vvkbs xtlvy1s x126k92a\">\n<div dir=\"auto\" style=\"text-align: justify;\">En nuestra Sala Cuna y Jard\u00edn Infantil Etchegoyen Brisa del Sol, se realiz\u00f3 el taller \u201cLa degluci\u00f3n infantil para un buen desarrollo oral en la lactancia\u201d, a cargo de una especialista en fonoaudiolog\u00eda.<\/div>\n<div dir=\"auto\" style=\"text-align: justify;\"><\/div>\n<\/div>\n<div class=\"x14z9mp xat24cr x1lziwak x1vvkbs xtlvy1s x126k92a\" style=\"text-align: justify;\">\n<div dir=\"auto\">Esta valiosa instancia form\u00f3 parte de las actividades planificadas junto a nuestras redes externas de colaboraci\u00f3n, en el marco del proceso de acreditaci\u00f3n para la certificaci\u00f3n JIALMA (Jard\u00edn Infantil Amigo de la Lactancia Materna).<\/div>\n<div dir=\"auto\"><\/div>\n<\/div>\n<div class=\"x14z9mp xat24cr x1lziwak x1vvkbs xtlvy1s x126k92a\" style=\"text-align: justify;\">\n<div dir=\"auto\">Durante la jornada, se abord\u00f3 la relevancia de la degluci\u00f3n y el desarrollo oral en la primera infancia, aspectos esenciales para favorecer la alimentaci\u00f3n, el lenguaje y el crecimiento integral de nuestros p\u00e1rvulos.<\/div>\n<div dir=\"auto\"><\/div>\n<\/div>\n<div class=\"x14z9mp xat24cr x1lziwak x1vvkbs xtlvy1s x126k92a\">\n<div dir=\"auto\" style=\"text-align: justify;\">Adem\u00e1s, esta importante actividad fue destacada por medios de comunicaci\u00f3n regionales, como Canal 9, lo que refleja el inter\u00e9s y compromiso de la comunidad por promover la lactancia materna y el desarrollo infantil saludable.<\/div>\n<div dir=\"auto\"><\/div>\n<\/div>\n<div dir=\"auto\">Red de colaboraci\u00f3n externa UNAB:<br \/>\nYolanda Maldonado Aguayo &#8211; Directora carrera fonoaudiolog\u00eda Pilar Valdivia Valdes Docente carrera fonoaudiolog\u00eda<br \/>\nVictoria Aguilar y Thalia Chavez C. Fonoaudi\u00f3logas Capacitaci\u00f3n.<\/div>\n<p>[\/vc_column_text][vc_gallery type=&#8221;image_grid&#8221; images=&#8221;8430,8431,8432,8433,8434,8435,8436,8437&#8243;][vc_column_text]PARA VER LA GALER\u00cdA COMPLETA PINCHE AQU\u00cd: <a href=\"https:\/\/www.facebook.com\/photo\/?fbid=2312383852523938&amp;set=pcb.2312384542523869\">https:\/\/www.facebook.com\/photo\/?fbid=2312383852523938&amp;set=pcb.2312384542523869<\/a>[\/vc_column_text][\/vc_column][\/vc_row]<\/p>\n<\/section>","protected":false},"excerpt":{"rendered":"<p>[vc_row][vc_column][vc_column_text] En nuestra Sala Cuna y Jard\u00edn Infantil Etchegoyen Brisa del Sol, se realiz\u00f3 el taller \u201cLa degluci\u00f3n infantil para un buen desarrollo oral en la lactancia\u201d, a&#8230;<\/p>\n","protected":false},"author":1,"featured_media":8428,"comment_status":"closed","ping_status":"closed","sticky":false,"template":"","format":"standard","meta":{"footnotes":"","_links_to":"","_links_to_target":""},"categories":[54],"tags":[],"class_list":["post-8425","post","type-post","status-publish","format-standard","has-post-thumbnail","hentry","category-noticias"],"_links":{"self":[{"href":"http:\/\/etchegoyen.cl\/jardinbrisadelsol\/wp-json\/wp\/v2\/posts\/8425","targetHints":{"allow":["GET"]}}],"collection":[{"href":"http:\/\/etchegoyen.cl\/jardinbrisadelsol\/wp-json\/wp\/v2\/posts"}],"about":[{"href":"http:\/\/etchegoyen.cl\/jardinbrisadelsol\/wp-json\/wp\/v2\/types\/post"}],"author":[{"embeddable":true,"href":"http:\/\/etchegoyen.cl\/jardinbrisadelsol\/wp-json\/wp\/v2\/users\/1"}],"replies":[{"embeddable":true,"href":"http:\/\/etchegoyen.cl\/jardinbrisadelsol\/wp-json\/wp\/v2\/comments?post=8425"}],"version-history":[{"count":5,"href":"http:\/\/etchegoyen.cl\/jardinbrisadelsol\/wp-json\/wp\/v2\/posts\/8425\/revisions"}],"predecessor-version":[{"id":8439,"href":"http:\/\/etchegoyen.cl\/jardinbrisadelsol\/wp-json\/wp\/v2\/posts\/8425\/revisions\/8439"}],"wp:featuredmedia":[{"embeddable":true,"href":"http:\/\/etchegoyen.cl\/jardinbrisadelsol\/wp-json\/wp\/v2\/media\/8428"}],"wp:attachment":[{"href":"http:\/\/etchegoyen.cl\/jardinbrisadelsol\/wp-json\/wp\/v2\/media?parent=8425"}],"wp:term":[{"taxonomy":"category","embeddable":true,"href":"http:\/\/etchegoyen.cl\/jardinbrisadelsol\/wp-json\/wp\/v2\/categories?post=8425"},{"taxonomy":"post_tag","embeddable":true,"href":"http:\/\/etchegoyen.cl\/jardinbrisadelsol\/wp-json\/wp\/v2\/tags?post=8425"}],"curies":[{"name":"wp","href":"https:\/\/api.w.org\/{rel}","templated":true}]}}