{"id":8528,"date":"2026-01-22T15:44:48","date_gmt":"2026-01-22T15:44:48","guid":{"rendered":"https:\/\/etchegoyen.cl\/jardinbrisadelsol\/?p=8528"},"modified":"2026-01-22T15:51:24","modified_gmt":"2026-01-22T15:51:24","slug":"ceremonia-de-egreso-2025","status":"publish","type":"post","link":"http:\/\/etchegoyen.cl\/jardinbrisadelsol\/2026\/01\/22\/ceremonia-de-egreso-2025\/","title":{"rendered":"CEREMONIA DE EGRESO 2025"},"content":{"rendered":"<section class=\"wpb-content-wrapper\"><p>[vc_row][vc_column][vc_column_text]<\/p>\n<div class=\"xdj266r x14z9mp xat24cr x1lziwak x1vvkbs x126k92a\">\n<div dir=\"auto\" style=\"text-align: justify;\">Con gran entusiasmo se desarroll\u00f3 la Ceremonia de Egreso 2025 de la Sala Cuna y Jard\u00edn Infantil Etchegoyen Brisa del Sol, instancia especialmente significativa para los ni\u00f1os y ni\u00f1as del Nivel Medio Mayor, quienes culminaron una importante etapa de su formaci\u00f3n inicial.<\/div>\n<div dir=\"auto\" style=\"text-align: justify;\"><\/div>\n<\/div>\n<div class=\"x14z9mp xat24cr x1lziwak x1vvkbs xtlvy1s x126k92a\" style=\"text-align: justify;\">\n<div dir=\"auto\">La jornada estuvo marcada por la alegr\u00eda, las emociones y diversos momentos llenos de color, bailes y sorpresas, reflejando el crecimiento y aprendizaje alcanzado durante su paso por el establecimiento.<\/div>\n<div dir=\"auto\"><\/div>\n<\/div>\n<div class=\"x14z9mp xat24cr x1lziwak x1vvkbs xtlvy1s x126k92a\" style=\"text-align: justify;\">\n<div dir=\"auto\">Agradecemos a las familias que nos acompa\u00f1aron en este emotivo encuentro, as\u00ed como a la directora y a todo el equipo educativo, cuyo compromiso y dedicaci\u00f3n han sido fundamentales en el desarrollo integral de cada estudiante.<\/div>\n<div dir=\"auto\"><\/div>\n<\/div>\n<div class=\"x14z9mp xat24cr x1lziwak x1vvkbs xtlvy1s x126k92a\">\n<div dir=\"auto\" style=\"text-align: justify;\">Les deseamos un futuro lleno de sue\u00f1os y nuevos desaf\u00edos, confiando en que siempre seguir\u00e1n siendo parte de la gran familia Etchegoyana.<\/div>\n<\/div>\n<p>[\/vc_column_text][vc_gallery type=&#8221;image_grid&#8221; images=&#8221;8532,8533,8534,8535,8536,8537,8538,8539&#8243;][\/vc_column][\/vc_row]<\/p>\n<\/section>","protected":false},"excerpt":{"rendered":"<p>[vc_row][vc_column][vc_column_text] Con gran entusiasmo se desarroll\u00f3 la Ceremonia de Egreso 2025 de la Sala Cuna y Jard\u00edn Infantil Etchegoyen Brisa del Sol, instancia especialmente significativa para los ni\u00f1os&#8230;<\/p>\n","protected":false},"author":1,"featured_media":8530,"comment_status":"closed","ping_status":"closed","sticky":false,"template":"","format":"standard","meta":{"footnotes":"","_links_to":"","_links_to_target":""},"categories":[54],"tags":[],"class_list":["post-8528","post","type-post","status-publish","format-standard","has-post-thumbnail","hentry","category-noticias"],"_links":{"self":[{"href":"http:\/\/etchegoyen.cl\/jardinbrisadelsol\/wp-json\/wp\/v2\/posts\/8528","targetHints":{"allow":["GET"]}}],"collection":[{"href":"http:\/\/etchegoyen.cl\/jardinbrisadelsol\/wp-json\/wp\/v2\/posts"}],"about":[{"href":"http:\/\/etchegoyen.cl\/jardinbrisadelsol\/wp-json\/wp\/v2\/types\/post"}],"author":[{"embeddable":true,"href":"http:\/\/etchegoyen.cl\/jardinbrisadelsol\/wp-json\/wp\/v2\/users\/1"}],"replies":[{"embeddable":true,"href":"http:\/\/etchegoyen.cl\/jardinbrisadelsol\/wp-json\/wp\/v2\/comments?post=8528"}],"version-history":[{"count":3,"href":"http:\/\/etchegoyen.cl\/jardinbrisadelsol\/wp-json\/wp\/v2\/posts\/8528\/revisions"}],"predecessor-version":[{"id":8540,"href":"http:\/\/etchegoyen.cl\/jardinbrisadelsol\/wp-json\/wp\/v2\/posts\/8528\/revisions\/8540"}],"wp:featuredmedia":[{"embeddable":true,"href":"http:\/\/etchegoyen.cl\/jardinbrisadelsol\/wp-json\/wp\/v2\/media\/8530"}],"wp:attachment":[{"href":"http:\/\/etchegoyen.cl\/jardinbrisadelsol\/wp-json\/wp\/v2\/media?parent=8528"}],"wp:term":[{"taxonomy":"category","embeddable":true,"href":"http:\/\/etchegoyen.cl\/jardinbrisadelsol\/wp-json\/wp\/v2\/categories?post=8528"},{"taxonomy":"post_tag","embeddable":true,"href":"http:\/\/etchegoyen.cl\/jardinbrisadelsol\/wp-json\/wp\/v2\/tags?post=8528"}],"curies":[{"name":"wp","href":"https:\/\/api.w.org\/{rel}","templated":true}]}}