{"id":6497,"date":"2022-11-04T20:29:46","date_gmt":"2022-11-04T20:29:46","guid":{"rendered":"http:\/\/etchegoyen.cl\/sedebrisadelsol\/?p=6497"},"modified":"2023-01-17T13:14:58","modified_gmt":"2023-01-17T13:14:58","slug":"aniversario-colegio-etchegoyen-sede-brisa-del-sol","status":"publish","type":"post","link":"http:\/\/etchegoyen.cl\/sedebrisadelsol\/2022\/11\/04\/aniversario-colegio-etchegoyen-sede-brisa-del-sol\/","title":{"rendered":"Aniversario 2022"},"content":{"rendered":"<section class=\"wpb-content-wrapper\"><p>[vc_row][vc_column][vc_column_text]<\/p>\n<div class=\"x11i5rnm xat24cr x1mh8g0r x1vvkbs xdj266r x126k92a\">\n<div dir=\"auto\" style=\"text-align: justify;\">Nuestro Colegio Etchegoyen Sede Brisa del Sol, cumpli\u00f3 un a\u00f1o m\u00e1s de vida, educando a las nuevas generaciones para crear excelentes profesionales, lo cual nos llena siempre de orgullo y alegr\u00eda.<\/div>\n<div dir=\"auto\"><\/div>\n<\/div>\n<div class=\"x11i5rnm xat24cr x1mh8g0r x1vvkbs xtlvy1s x126k92a\">\n<div dir=\"auto\" style=\"text-align: justify;\">En esta oportunidad los tiempos mejoraron, respecto al COVID-19, por lo que no nos pod\u00edamos quedar sin celebrar el aniversario 2022 , aunque de igual manera se cumplieron todas las medidas COVID, generando un ambiente grato, seguro y de mucho festejo.<\/div>\n<\/div>\n<p>[\/vc_column_text][vc_gallery type=&#8221;image_grid&#8221; images=&#8221;6501,6502,6503,6504,6505,6506,6507,6508,6509,6510,6511,6512,6513,6514,6515&#8243; css_animation=&#8221;bounceIn&#8221;][vc_column_text]<iframe loading=\"lazy\" title=\"YouTube video player\" src=\"https:\/\/www.youtube.com\/embed\/uzDdUd9m19I\" width=\"560\" height=\"315\" frameborder=\"0\" allowfullscreen=\"allowfullscreen\"><\/iframe>[\/vc_column_text][\/vc_column][\/vc_row]<\/p>\n<\/section>","protected":false},"excerpt":{"rendered":"<p>[vc_row][vc_column][vc_column_text] Nuestro Colegio Etchegoyen Sede Brisa del Sol, cumpli\u00f3 un a\u00f1o m\u00e1s de vida, educando a las nuevas generaciones para crear excelentes profesionales, lo cual nos llena siempre&#8230;<\/p>\n","protected":false},"author":1,"featured_media":0,"comment_status":"open","ping_status":"open","sticky":false,"template":"","format":"standard","meta":{"footnotes":"","_links_to":"","_links_to_target":""},"categories":[52],"tags":[53],"class_list":["post-6497","post","type-post","status-publish","format-standard","hentry","category-noticias","tag-noticias"],"_links":{"self":[{"href":"http:\/\/etchegoyen.cl\/sedebrisadelsol\/wp-json\/wp\/v2\/posts\/6497","targetHints":{"allow":["GET"]}}],"collection":[{"href":"http:\/\/etchegoyen.cl\/sedebrisadelsol\/wp-json\/wp\/v2\/posts"}],"about":[{"href":"http:\/\/etchegoyen.cl\/sedebrisadelsol\/wp-json\/wp\/v2\/types\/post"}],"author":[{"embeddable":true,"href":"http:\/\/etchegoyen.cl\/sedebrisadelsol\/wp-json\/wp\/v2\/users\/1"}],"replies":[{"embeddable":true,"href":"http:\/\/etchegoyen.cl\/sedebrisadelsol\/wp-json\/wp\/v2\/comments?post=6497"}],"version-history":[{"count":6,"href":"http:\/\/etchegoyen.cl\/sedebrisadelsol\/wp-json\/wp\/v2\/posts\/6497\/revisions"}],"predecessor-version":[{"id":7008,"href":"http:\/\/etchegoyen.cl\/sedebrisadelsol\/wp-json\/wp\/v2\/posts\/6497\/revisions\/7008"}],"wp:attachment":[{"href":"http:\/\/etchegoyen.cl\/sedebrisadelsol\/wp-json\/wp\/v2\/media?parent=6497"}],"wp:term":[{"taxonomy":"category","embeddable":true,"href":"http:\/\/etchegoyen.cl\/sedebrisadelsol\/wp-json\/wp\/v2\/categories?post=6497"},{"taxonomy":"post_tag","embeddable":true,"href":"http:\/\/etchegoyen.cl\/sedebrisadelsol\/wp-json\/wp\/v2\/tags?post=6497"}],"curies":[{"name":"wp","href":"https:\/\/api.w.org\/{rel}","templated":true}]}}