{"id":6519,"date":"2022-12-13T21:01:48","date_gmt":"2022-12-13T21:01:48","guid":{"rendered":"http:\/\/etchegoyen.cl\/sedebrisadelsol\/?p=6519"},"modified":"2023-01-17T13:14:19","modified_gmt":"2023-01-17T13:14:19","slug":"promocion-kinder-a-1o-basico-sede-brisa-del-sol","status":"publish","type":"post","link":"http:\/\/etchegoyen.cl\/sedebrisadelsol\/2022\/12\/13\/promocion-kinder-a-1o-basico-sede-brisa-del-sol\/","title":{"rendered":"Promoci\u00f3n K\u00ednder a 1\u00ba b\u00e1sico"},"content":{"rendered":"<section class=\"wpb-content-wrapper\"><p>[vc_row][vc_column][vc_column_text]<\/p>\n<p style=\"text-align: justify;\">Nuestros peque\u00f1os gigantes de K\u00ednder, cumplieron con su ciclo educativo una de las etapas m\u00e1s lindas e importantes en la formaci\u00f3n, es por esto que en Etchegoyen Sede Brisa del Sol, se realiz\u00f3 la ceremonia de conmemoraci\u00f3n de su paso de K\u00ednder a 1\u00ba b\u00e1sico, resultando un momento m\u00e1gico y lleno de felicidad.<\/p>\n<p>[\/vc_column_text][vc_gallery type=&#8221;image_grid&#8221; images=&#8221;6522,6523,6524,6525,6526,6527,6528,6529,6530,6531,6532,6533,6534,6535,6536,6537&#8243;][\/vc_column][\/vc_row]<\/p>\n<\/section>","protected":false},"excerpt":{"rendered":"<p>[vc_row][vc_column][vc_column_text] Nuestros peque\u00f1os gigantes de K\u00ednder, cumplieron con su ciclo educativo una de las etapas m\u00e1s lindas e importantes en la formaci\u00f3n, es por esto que en Etchegoyen&#8230;<\/p>\n","protected":false},"author":1,"featured_media":0,"comment_status":"open","ping_status":"open","sticky":false,"template":"","format":"standard","meta":{"footnotes":"","_links_to":"","_links_to_target":""},"categories":[52],"tags":[53],"class_list":["post-6519","post","type-post","status-publish","format-standard","hentry","category-noticias","tag-noticias"],"_links":{"self":[{"href":"http:\/\/etchegoyen.cl\/sedebrisadelsol\/wp-json\/wp\/v2\/posts\/6519","targetHints":{"allow":["GET"]}}],"collection":[{"href":"http:\/\/etchegoyen.cl\/sedebrisadelsol\/wp-json\/wp\/v2\/posts"}],"about":[{"href":"http:\/\/etchegoyen.cl\/sedebrisadelsol\/wp-json\/wp\/v2\/types\/post"}],"author":[{"embeddable":true,"href":"http:\/\/etchegoyen.cl\/sedebrisadelsol\/wp-json\/wp\/v2\/users\/1"}],"replies":[{"embeddable":true,"href":"http:\/\/etchegoyen.cl\/sedebrisadelsol\/wp-json\/wp\/v2\/comments?post=6519"}],"version-history":[{"count":5,"href":"http:\/\/etchegoyen.cl\/sedebrisadelsol\/wp-json\/wp\/v2\/posts\/6519\/revisions"}],"predecessor-version":[{"id":7007,"href":"http:\/\/etchegoyen.cl\/sedebrisadelsol\/wp-json\/wp\/v2\/posts\/6519\/revisions\/7007"}],"wp:attachment":[{"href":"http:\/\/etchegoyen.cl\/sedebrisadelsol\/wp-json\/wp\/v2\/media?parent=6519"}],"wp:term":[{"taxonomy":"category","embeddable":true,"href":"http:\/\/etchegoyen.cl\/sedebrisadelsol\/wp-json\/wp\/v2\/categories?post=6519"},{"taxonomy":"post_tag","embeddable":true,"href":"http:\/\/etchegoyen.cl\/sedebrisadelsol\/wp-json\/wp\/v2\/tags?post=6519"}],"curies":[{"name":"wp","href":"https:\/\/api.w.org\/{rel}","templated":true}]}}